{"id":71465,"date":"2016-05-02T16:56:32","date_gmt":"2016-05-02T13:56:32","guid":{"rendered":"http:\/\/sana.sy\/tr\/?p=71465"},"modified":"2016-05-03T16:04:20","modified_gmt":"2016-05-03T13:04:20","slug":"saldirganlar-arac-ve-ekipmanlariyla-etkisizlestirildi","status":"publish","type":"post","link":"https:\/\/archive.sana.sy\/tr\/?p=71465","title":{"rendered":"Sald\u0131rganlar Ara\u00e7 ve Ekipmanlar\u0131yla Etkisizle\u015ftirildi"},"content":{"rendered":"<p>\u0130LLER \u2013 Ordu birliklerimiz bug\u00fcn de bir k\u0131s\u0131m devletlerin destekledikleri \u00e7okuluslu ve hain ter\u00f6re kar\u015f\u0131 operasyonlar\u0131n\u0131 ba\u015far\u0131yla s\u00fcrd\u00fcr\u00fcrlerken, bir\u00e7ok b\u00f6lgede bu \u00e7eteleri say\u0131 ve ekipmanlar\u0131yla ciddi kay\u0131plara u\u011fratt\u0131.<\/p>\n<p><span style=\"color: #0000ff\">HOMS:<\/span><\/p>\n<p>Askeri kaynak SANA\u2019ya a\u00e7\u0131klamas\u0131nda hava g\u00fc\u00e7lerimizin Homs \u0130linin do\u011fusu Tedmur k\u0131rsal\u0131 \u015eair Petrol Sahas\u0131 ve \u00dc\u00e7\u00fcnc\u00fc \u0130stasyon civarlar\u0131nda I\u015e\u0130D\u2019e ait z\u0131rhl\u0131 ara\u00e7lar ve a\u011f\u0131r silahlarla donat\u0131lm\u0131\u015f bir\u00e7ok arac\u0131 imha ettiklerini ifade etti.<\/p>\n<p>Ordu birliklerimiz Halk Savnma G\u00fc\u00e7leriyle i\u015fbirli\u011fi i\u00e7inde d\u00fcn Homs k\u0131rsal\u0131 Mkaytea Da\u011f\u0131n\u0131n g\u00fcney ve g\u00fcneydo\u011fusu yama\u00e7lar\u0131na ilaveten Antar Da\u011f\u0131n\u0131n bat\u0131 yama\u00e7lar\u0131nda I\u015e\u0130D\u2019li tekfircileri say\u0131 ve te\u00e7hizatlar\u0131yla a\u011f\u0131r kay\u0131plara u\u011fratmalar\u0131 ard\u0131ndan bu b\u00f6lgeleri kontrollerine ge\u00e7irmi\u015fti.<\/p>\n<p><span style=\"color: #0000ff\">S\u00dcVEYDA:<\/span><\/p>\n<p>\u00d6te yandan S\u00fcveyda k\u0131rsal\u0131n\u0131n kuzeydo\u011fusu Hurbet Sued K\u00f6y\u00fcnde I\u015e\u0130D\u2019in toplanma yerleri ve mevkilerini hedef alan ordu birliklerimiz; \u00e7ok say\u0131da ter\u00f6risti \u00f6l\u00fc ve yaral\u0131 d\u00fc\u015f\u00fcr\u00fcp a\u011f\u0131r makineli silahla donat\u0131lm\u0131\u015f 2 ara\u00e7lar\u0131n\u0131n yan\u0131 s\u0131ra silah ve m\u00fchimmatlar\u0131n\u0131 imha etti.<\/p>\n<p>S\u00fcveyda k\u0131rsal\u0131nda da ordu birliklerimiz Gbeyb Vadisi y\u00f6n\u00fcnde hareket eden I\u015e\u0130D\u2019e tabi bir ter\u00f6r grubunun t\u00fcm \u00fcyelerini \u00f6ld\u00fcr\u00fcp havzalar\u0131ndaki silah ve m\u00fchimmatlar\u0131n\u0131 yok etti.<\/p>\n<p><span style=\"color: #0000ff\">DERA:<\/span><\/p>\n<p>Buna e\u015f zamanl\u0131 olarak Dera\u2019da Kaide \u00d6rg\u00fct\u00fcn\u00fcn Suriye kolu Nusra Cephesine y\u00f6nelik askeri operasyonlar\u0131n\u0131 s\u00fcrd\u00fcren ordu birliklerimiz; Bilal el Haba\u015fi Camii \u00e7evresinden Dera Beled\u2019te askeri noktalara s\u0131zmaya \u00e7al\u0131\u015fan bir ter\u00f6r grubuyla \u015fiddetli \u00e7at\u0131\u015fmalara girdi. \u00c7at\u0131\u015fmalarda \u0130srail destekli radikal ter\u00f6ristlerin saflar\u0131nda b\u00fcy\u00fck kay\u0131plara yol a\u00e7\u0131ld\u0131.<\/p>\n<p><span style=\"color: #0000ff\">DEYREZZOR:<\/span><\/p>\n<p>Bu arada askeri kaynak SANA\u2019ya a\u00e7\u0131klamas\u0131nda hava g\u00fc\u00e7lerimizin Deyrezzor Kenti Urfi, \u0130\u015f\u00e7iler ve el Damin semtlerinde I\u015e\u0130D ter\u00f6r \u00f6rg\u00fct\u00fcn\u00fcn yuva ve k\u00fcmelenme yerlerini hedef almalar\u0131yla buralarda da \u00e7ok say\u0131da ter\u00f6risti \u00f6l\u00fc ve yaral\u0131 d\u00fc\u015f\u00fcr\u00fcp ara\u00e7, silah ve m\u00fchimmatlar\u0131 imha ettiklerini s\u00f6yledi.<\/p>\n<p>Deyrezzor Kentinin yakla\u015f\u0131k 4 km bat\u0131s\u0131na d\u00fc\u015fen B\u011fayliye K\u00f6y\u00fcnde ise hava g\u00fc\u00e7lerimizin I\u015e\u0130D\u2019e ait karargah ve toplanma yerlerini muhtevalar\u0131yla imha ettiklerini aktaran kaynak; bir k\u0131sm\u0131 a\u011f\u0131r makineli silahla donat\u0131lm\u0131\u015f, bir k\u0131sm\u0131 da ter\u00f6rist ve cephane ta\u015f\u0131yan ara\u00e7lar\u0131n\u0131 y\u00fckleriyle yok ettiklerini belirtti.<\/p>\n","protected":false},"excerpt":{"rendered":"<p>\u0130LLER \u2013 Ordu birliklerimiz bug\u00fcn de bir k\u0131s\u0131m devletlerin destekledikleri \u00e7okuluslu ve hain ter\u00f6re kar\u015f\u0131 operasyonlar\u0131n\u0131 ba\u015far\u0131yla s\u00fcrd\u00fcr\u00fcrlerken, bir\u00e7ok b\u00f6lgede bu \u00e7eteleri say\u0131 ve ekipmanlar\u0131yla ciddi kay\u0131plara u\u011fratt\u0131. HOMS: Askeri kaynak SANA\u2019ya a\u00e7\u0131klamas\u0131nda hava g\u00fc\u00e7lerimizin Homs \u0130linin do\u011fusu Tedmur k\u0131rsal\u0131 \u015eair Petrol Sahas\u0131 ve \u00dc\u00e7\u00fcnc\u00fc \u0130stasyon civarlar\u0131nda I\u015e\u0130D\u2019e ait z\u0131rhl\u0131 ara\u00e7lar ve a\u011f\u0131r silahlarla donat\u0131lm\u0131\u015f &hellip;<\/p>\n","protected":false},"author":1,"featured_media":71466,"comment_status":"closed","ping_status":"closed","sticky":false,"template":"","format":"standard","meta":{"footnotes":""},"categories":[575,17988],"tags":[],"class_list":["post-71465","post","type-post","status-publish","format-standard","has-post-thumbnail","","category-olaylar-ve-gercekler","category-son-haberler"],"_links":{"self":[{"href":"https:\/\/archive.sana.sy\/tr\/index.php?rest_route=\/wp\/v2\/posts\/71465","targetHints":{"allow":["GET"]}}],"collection":[{"href":"https:\/\/archive.sana.sy\/tr\/index.php?rest_route=\/wp\/v2\/posts"}],"about":[{"href":"https:\/\/archive.sana.sy\/tr\/index.php?rest_route=\/wp\/v2\/types\/post"}],"author":[{"embeddable":true,"href":"https:\/\/archive.sana.sy\/tr\/index.php?rest_route=\/wp\/v2\/users\/1"}],"replies":[{"embeddable":true,"href":"https:\/\/archive.sana.sy\/tr\/index.php?rest_route=%2Fwp%2Fv2%2Fcomments&post=71465"}],"version-history":[{"count":0,"href":"https:\/\/archive.sana.sy\/tr\/index.php?rest_route=\/wp\/v2\/posts\/71465\/revisions"}],"wp:featuredmedia":[{"embeddable":true,"href":"https:\/\/archive.sana.sy\/tr\/index.php?rest_route=\/wp\/v2\/media\/71466"}],"wp:attachment":[{"href":"https:\/\/archive.sana.sy\/tr\/index.php?rest_route=%2Fwp%2Fv2%2Fmedia&parent=71465"}],"wp:term":[{"taxonomy":"category","embeddable":true,"href":"https:\/\/archive.sana.sy\/tr\/index.php?rest_route=%2Fwp%2Fv2%2Fcategories&post=71465"},{"taxonomy":"post_tag","embeddable":true,"href":"https:\/\/archive.sana.sy\/tr\/index.php?rest_route=%2Fwp%2Fv2%2Ftags&post=71465"}],"curies":[{"name":"wp","href":"https:\/\/api.w.org\/{rel}","templated":true}]}}