{"id":71558,"date":"2016-05-03T13:07:45","date_gmt":"2016-05-03T10:07:45","guid":{"rendered":"http:\/\/sana.sy\/tr\/?p=71558"},"modified":"2016-05-04T11:58:50","modified_gmt":"2016-05-04T08:58:50","slug":"sehit-ve-yaralilarin-geneli-cocuk-ve-kadinlardan-olusuyor","status":"publish","type":"post","link":"https:\/\/archive.sana.sy\/tr\/?p=71558","title":{"rendered":"\u015eehit ve Yaral\u0131lar\u0131n Geneli \u00c7ocuk ve Kad\u0131nlardan Olu\u015fuyor"},"content":{"rendered":"<p>HALEP \u2013 Erdo\u011fan ve Al Suud rejiminden destek ve talimat alan ter\u00f6ristler sivil yerle\u015fim alanlar\u0131na geli\u015fig\u00fczel f\u00fcze sald\u0131r\u0131lar\u0131n\u0131 s\u00fcrd\u00fcr\u00fcrlerken, bug\u00fcn bu sald\u0131r\u0131larda yine bir\u00e7ok sivil vatanda\u015f \u015fehit ve yaral\u0131 d\u00fc\u015ft\u00fc.<\/p>\n<p>Halep \u0130l Emniyet M\u00fcd\u00fcrl\u00fc\u011f\u00fcnde yetkili bir kaynak SANA\u2019ya a\u00e7\u0131klamas\u0131nda Erdo\u011fan rejiminden destek ve talimat alan ter\u00f6ristlerin bug\u00fcn sabah saatlerinde Halep Kentinin sivil yerle\u015fim alanlar\u0131ndan Nil Caddesi, S\u00fcryan, Halidiye, Mokambo ve Sebil semtlerinin yan\u0131 s\u0131ra Rahman Camii civar\u0131n\u0131 geli\u015fig\u00fczel f\u00fcze sald\u0131r\u0131lar\u0131nda hedef ald\u0131klar\u0131n\u0131 belirtti.<\/p>\n<p>Kaynak gaddar ter\u00f6r sald\u0131r\u0131lar\u0131nda aralar\u0131nda \u00e7ocuk ve kad\u0131nlar\u0131n bulundu\u011fu 12\u00a0vatanda\u015f\u0131n \u015fehit, 65\u00a0vatanda\u015f\u0131n da yaral\u0131 d\u00fc\u015ft\u00fcklerini a\u00e7\u0131klarken vatanda\u015flar\u0131n \u00f6zel m\u00fclkleri ve hizmet \u015febekelerinde b\u00fcy\u00fck hasarlar\u0131n olu\u015ftu\u011funu aktard\u0131.<\/p>\n<p>Halep Sa\u011fl\u0131k M\u00fcd\u00fcrl\u00fc\u011f\u00fcnde bir kaynak ise yara\u015f\u0131 ve \u015fehit d\u00fc\u015fen vatanda\u015flar\u0131n b\u00fcy\u00fck \u00e7o\u011funlu\u011funun \u00e7ocuk ve kad\u0131nlardan olu\u015ftu\u011funa dikkat \u00e7ekerken, yaral\u0131lar\u0131n bir\u00e7o\u011funun a\u011f\u0131r olmas\u0131yla \u015fehit say\u0131s\u0131n\u0131n her an y\u00fckselebilece\u011fini belirtti.<\/p>\n<p>Ter\u00f6ristler bug\u00fcn Halep Kentinin Muhafaza Semtinde ayr\u0131ca Dbayt Hastanesini f\u00fczelerle hedef alm\u0131\u015f, 3 \u00e7ocu\u011fun \u015fehit, 17 \u00e7ocu\u011fun da yaral\u0131 d\u00fc\u015fmelerine yol a\u00e7m\u0131\u015flard\u0131.<\/p>\n<p>Halep Kentinin muhtelif semtlerinde Kaide \u00d6rg\u00fct\u00fcn\u00fcn Suriye kolu Nusra Cephesi, \u2018Bedir \u015eehitleri T\u00fcmeni\u2019 ve daha ba\u015fka isimler alt\u0131nda bir dizi ter\u00f6r \u00f6rg\u00fct\u00fc bulunmas\u0131yla Erdo\u011fan rejiminden destek ve komuta alan bu \u00e7eteler Halep Kentinin muhtelif sivil yerle\u015fim alanlar\u0131n\u0131 geli\u015fig\u00fczel f\u00fcze sald\u0131r\u0131lar\u0131yla hedef al\u0131yor. Uluslar aras\u0131 toplumun sessizli\u011fi ve ter\u00f6r\u00fc destekleyen Erdo\u011fan rejiminin yan\u0131 s\u0131ra Bat\u0131l\u0131 kimi devletlerin ger\u00e7ekleri \u00e7arp\u0131tma propagandas\u0131 g\u00f6lgesinde devam eden vah\u015fi sald\u0131r\u0131larda \u015fu ana dek geneli \u00e7ocuk ve kad\u0131nlardan 130 kadar vatanda\u015f \u015fehit, 600 kadar vatanda\u015f da yaral\u0131 d\u00fc\u015ft\u00fc.<\/p>\n<p><span style=\"color: #0000ff\">Halep K\u0131rsal\u0131nda ise Sivillere Yeni Sald\u0131r\u0131larda 3 Yaral\u0131 Oldu<\/span><\/p>\n<p><a href=\"http:\/\/sana.sy\/tr\/wp-content\/uploads\/2016\/05\/Zehra-1.jpg\"><img loading=\"lazy\" decoding=\"async\" class=\"alignright wp-image-71661 size-medium\" src=\"http:\/\/sana.sy\/tr\/wp-content\/uploads\/2016\/05\/Zehra-1-258x300.jpg\" alt=\"Zehra\" width=\"258\" height=\"300\" srcset=\"https:\/\/archive.sana.sy\/tr\/wp-content\/uploads\/2016\/05\/Zehra-1-258x300.jpg 258w, https:\/\/archive.sana.sy\/tr\/wp-content\/uploads\/2016\/05\/Zehra-1-129x150.jpg 129w, https:\/\/archive.sana.sy\/tr\/wp-content\/uploads\/2016\/05\/Zehra-1.jpg 720w\" sizes=\"auto, (max-width: 258px) 100vw, 258px\" \/><\/a>Di\u011fer yandan katil Erdo\u011fan \u00e7eteleri Halep k\u0131rsal\u0131n\u0131n kuzeyi Zehra Beldesinde savunmas\u0131z insanlar\u0131 ve g\u00fcvenli alanlar\u0131 k\u00f6r f\u00fczeleriyle hedef almaya devam ediyor.<br \/>\nZehra Beldesinden yerel kaynaklar SANA\u2019ya a\u00e7\u0131klamalar\u0131nda; bug\u00fcn \u00f6\u011fle saatlerinde ter\u00f6ristlerin f\u0131rlatt\u0131\u011f\u0131 bir\u00e7ok f\u00fczenin beldedeki yerle\u015fim alanlar\u0131na d\u00fc\u015fmeleri sonucunda aralar\u0131nda bir kad\u0131n\u0131n bulundu\u011fu 3 vatanda\u015f\u0131n yaral\u0131 d\u00fc\u015ft\u00fc\u011f\u00fcn\u00fc ifade etti.<\/p>\n<p>Kaynaklar; hain ve gaddar sald\u0131r\u0131larda ayr\u0131ca sivillere ait ev ve i\u015f yerlerinde b\u00fcy\u00fck maddi hasar\u0131n olu\u015ftu\u011funa dikkat \u00e7ekti.<\/p>\n<p style=\"text-align: center\"><span style=\"color: #0000ff\">Halep Kentine Sald\u0131r\u0131lardan Kareleri<\/span><\/p>\n<div id='gallery-1' class='gallery galleryid-71558 gallery-columns-3 gallery-size-thumbnail'><figure class='gallery-item'>\n\t\t\t<div class='gallery-icon landscape'>\n\t\t\t\t<a href='https:\/\/archive.sana.sy\/tr\/wp-content\/uploads\/2016\/05\/003.jpg'><img loading=\"lazy\" decoding=\"async\" width=\"150\" height=\"102\" src=\"https:\/\/archive.sana.sy\/tr\/wp-content\/uploads\/2016\/05\/003-150x102.jpg\" class=\"attachment-thumbnail size-thumbnail\" alt=\"\" srcset=\"https:\/\/archive.sana.sy\/tr\/wp-content\/uploads\/2016\/05\/003-150x102.jpg 150w, https:\/\/archive.sana.sy\/tr\/wp-content\/uploads\/2016\/05\/003-300x203.jpg 300w, https:\/\/archive.sana.sy\/tr\/wp-content\/uploads\/2016\/05\/003-768x521.jpg 768w, https:\/\/archive.sana.sy\/tr\/wp-content\/uploads\/2016\/05\/003-110x75.jpg 110w, https:\/\/archive.sana.sy\/tr\/wp-content\/uploads\/2016\/05\/003.jpg 1000w\" sizes=\"auto, (max-width: 150px) 100vw, 150px\" \/><\/a>\n\t\t\t<\/div><\/figure><figure class='gallery-item'>\n\t\t\t<div class='gallery-icon portrait'>\n\t\t\t\t<a href='https:\/\/archive.sana.sy\/tr\/wp-content\/uploads\/2016\/05\/004.jpg'><img loading=\"lazy\" decoding=\"async\" width=\"90\" height=\"150\" src=\"https:\/\/archive.sana.sy\/tr\/wp-content\/uploads\/2016\/05\/004-90x150.jpg\" class=\"attachment-thumbnail size-thumbnail\" alt=\"\" srcset=\"https:\/\/archive.sana.sy\/tr\/wp-content\/uploads\/2016\/05\/004-90x150.jpg 90w, https:\/\/archive.sana.sy\/tr\/wp-content\/uploads\/2016\/05\/004-180x300.jpg 180w, https:\/\/archive.sana.sy\/tr\/wp-content\/uploads\/2016\/05\/004.jpg 576w\" sizes=\"auto, (max-width: 90px) 100vw, 90px\" \/><\/a>\n\t\t\t<\/div><\/figure><figure class='gallery-item'>\n\t\t\t<div class='gallery-icon portrait'>\n\t\t\t\t<a href='https:\/\/archive.sana.sy\/tr\/wp-content\/uploads\/2016\/05\/005.jpg'><img loading=\"lazy\" decoding=\"async\" width=\"103\" height=\"150\" src=\"https:\/\/archive.sana.sy\/tr\/wp-content\/uploads\/2016\/05\/005-103x150.jpg\" class=\"attachment-thumbnail size-thumbnail\" alt=\"\" srcset=\"https:\/\/archive.sana.sy\/tr\/wp-content\/uploads\/2016\/05\/005-103x150.jpg 103w, https:\/\/archive.sana.sy\/tr\/wp-content\/uploads\/2016\/05\/005-207x300.jpg 207w, https:\/\/archive.sana.sy\/tr\/wp-content\/uploads\/2016\/05\/005.jpg 576w\" sizes=\"auto, (max-width: 103px) 100vw, 103px\" \/><\/a>\n\t\t\t<\/div><\/figure><figure class='gallery-item'>\n\t\t\t<div class='gallery-icon portrait'>\n\t\t\t\t<a href='https:\/\/archive.sana.sy\/tr\/wp-content\/uploads\/2016\/05\/006.jpg'><img loading=\"lazy\" decoding=\"async\" width=\"90\" height=\"150\" src=\"https:\/\/archive.sana.sy\/tr\/wp-content\/uploads\/2016\/05\/006-90x150.jpg\" class=\"attachment-thumbnail size-thumbnail\" alt=\"\" srcset=\"https:\/\/archive.sana.sy\/tr\/wp-content\/uploads\/2016\/05\/006-90x150.jpg 90w, https:\/\/archive.sana.sy\/tr\/wp-content\/uploads\/2016\/05\/006-180x300.jpg 180w, https:\/\/archive.sana.sy\/tr\/wp-content\/uploads\/2016\/05\/006.jpg 576w\" sizes=\"auto, (max-width: 90px) 100vw, 90px\" \/><\/a>\n\t\t\t<\/div><\/figure><figure class='gallery-item'>\n\t\t\t<div class='gallery-icon portrait'>\n\t\t\t\t<a href='https:\/\/archive.sana.sy\/tr\/wp-content\/uploads\/2016\/05\/007.jpg'><img loading=\"lazy\" decoding=\"async\" width=\"150\" height=\"150\" src=\"https:\/\/archive.sana.sy\/tr\/wp-content\/uploads\/2016\/05\/007-150x150.jpg\" class=\"attachment-thumbnail size-thumbnail\" alt=\"\" srcset=\"https:\/\/archive.sana.sy\/tr\/wp-content\/uploads\/2016\/05\/007-150x150.jpg 150w, https:\/\/archive.sana.sy\/tr\/wp-content\/uploads\/2016\/05\/007-300x300.jpg 300w, https:\/\/archive.sana.sy\/tr\/wp-content\/uploads\/2016\/05\/007.jpg 487w\" sizes=\"auto, (max-width: 150px) 100vw, 150px\" \/><\/a>\n\t\t\t<\/div><\/figure><figure class='gallery-item'>\n\t\t\t<div class='gallery-icon portrait'>\n\t\t\t\t<a href='https:\/\/archive.sana.sy\/tr\/wp-content\/uploads\/2016\/05\/002.jpg'><img loading=\"lazy\" decoding=\"async\" width=\"121\" height=\"150\" src=\"https:\/\/archive.sana.sy\/tr\/wp-content\/uploads\/2016\/05\/002-121x150.jpg\" class=\"attachment-thumbnail size-thumbnail\" alt=\"\" srcset=\"https:\/\/archive.sana.sy\/tr\/wp-content\/uploads\/2016\/05\/002-121x150.jpg 121w, https:\/\/archive.sana.sy\/tr\/wp-content\/uploads\/2016\/05\/002-242x300.jpg 242w, https:\/\/archive.sana.sy\/tr\/wp-content\/uploads\/2016\/05\/002.jpg 488w\" sizes=\"auto, (max-width: 121px) 100vw, 121px\" \/><\/a>\n\t\t\t<\/div><\/figure>\n\t\t<\/div>\n\n<p>R.H.<\/p>\n","protected":false},"excerpt":{"rendered":"<p>HALEP \u2013 Erdo\u011fan ve Al Suud rejiminden destek ve talimat alan ter\u00f6ristler sivil yerle\u015fim alanlar\u0131na geli\u015fig\u00fczel f\u00fcze sald\u0131r\u0131lar\u0131n\u0131 s\u00fcrd\u00fcr\u00fcrlerken, bug\u00fcn bu sald\u0131r\u0131larda yine bir\u00e7ok sivil vatanda\u015f \u015fehit ve yaral\u0131 d\u00fc\u015ft\u00fc. Halep \u0130l Emniyet M\u00fcd\u00fcrl\u00fc\u011f\u00fcnde yetkili bir kaynak SANA\u2019ya a\u00e7\u0131klamas\u0131nda Erdo\u011fan rejiminden destek ve talimat alan ter\u00f6ristlerin bug\u00fcn sabah saatlerinde Halep Kentinin sivil yerle\u015fim alanlar\u0131ndan Nil &hellip;<\/p>\n","protected":false},"author":1,"featured_media":71567,"comment_status":"closed","ping_status":"closed","sticky":false,"template":"","format":"standard","meta":{"footnotes":""},"categories":[479,575,478],"tags":[20809],"class_list":["post-71558","post","type-post","status-publish","format-standard","has-post-thumbnail","","category-haberler-yerel","category-olaylar-ve-gercekler","category-yerel","tag-sehit-ve-yaralilarin-geneli-cocuk-ve-kadinlardan-olusuyor"],"_links":{"self":[{"href":"https:\/\/archive.sana.sy\/tr\/index.php?rest_route=\/wp\/v2\/posts\/71558","targetHints":{"allow":["GET"]}}],"collection":[{"href":"https:\/\/archive.sana.sy\/tr\/index.php?rest_route=\/wp\/v2\/posts"}],"about":[{"href":"https:\/\/archive.sana.sy\/tr\/index.php?rest_route=\/wp\/v2\/types\/post"}],"author":[{"embeddable":true,"href":"https:\/\/archive.sana.sy\/tr\/index.php?rest_route=\/wp\/v2\/users\/1"}],"replies":[{"embeddable":true,"href":"https:\/\/archive.sana.sy\/tr\/index.php?rest_route=%2Fwp%2Fv2%2Fcomments&post=71558"}],"version-history":[{"count":0,"href":"https:\/\/archive.sana.sy\/tr\/index.php?rest_route=\/wp\/v2\/posts\/71558\/revisions"}],"wp:featuredmedia":[{"embeddable":true,"href":"https:\/\/archive.sana.sy\/tr\/index.php?rest_route=\/wp\/v2\/media\/71567"}],"wp:attachment":[{"href":"https:\/\/archive.sana.sy\/tr\/index.php?rest_route=%2Fwp%2Fv2%2Fmedia&parent=71558"}],"wp:term":[{"taxonomy":"category","embeddable":true,"href":"https:\/\/archive.sana.sy\/tr\/index.php?rest_route=%2Fwp%2Fv2%2Fcategories&post=71558"},{"taxonomy":"post_tag","embeddable":true,"href":"https:\/\/archive.sana.sy\/tr\/index.php?rest_route=%2Fwp%2Fv2%2Ftags&post=71558"}],"curies":[{"name":"wp","href":"https:\/\/api.w.org\/{rel}","templated":true}]}}