{"id":71575,"date":"2016-05-03T13:02:59","date_gmt":"2016-05-03T10:02:59","guid":{"rendered":"http:\/\/www.sana.sy\/tr\/?p=71575"},"modified":"2016-05-03T13:06:05","modified_gmt":"2016-05-03T10:06:05","slug":"sananin-halep-muhabiri-erdogan-rejiminden-destegi-ve-yonlendirmeleriyle-sivillere-kin-ve-nefretlerini-kusmaya-devam-eden-teroristlerin-halep-kentinin-sivil-yerlesim-alanlarindan-nil-caddesi","status":"publish","type":"post","link":"https:\/\/archive.sana.sy\/tr\/?p=71575","title":{"rendered":"SANA\u2019n\u0131n Halep muhabiri Erdo\u011fan rejiminden deste\u011fi ve y\u00f6nlendirmeleriyle sivillere kin ve nefretlerini kusmaya devam eden ter\u00f6ristlerin Halep Kentinin sivil yerle\u015fim alanlar\u0131ndan Nil Caddesi, Sebil, Mokambo ve Razi b\u00f6lgelerini 65\u2019ten fazla f\u00fczeyle geli\u015fig\u00fczel hedef almalar\u0131 sonucunda geneli \u00e7ocuk ve kad\u0131nlardan 11 vatanda\u015f\u0131n \u015fehit, 65 vatanda\u015f\u0131n da yaral\u0131 d\u00fc\u015ft\u00fcklerini aktard\u0131"},"content":{"rendered":"<p>SANA\u2019n\u0131n Halep muhabiri Erdo\u011fan rejiminden deste\u011fi ve y\u00f6nlendirmeleriyle sivillere kin ve nefretlerini kusmaya devam eden ter\u00f6ristlerin Halep Kentinin sivil yerle\u015fim alanlar\u0131ndan Nil Caddesi, Sebil, Mokambo ve Razi b\u00f6lgelerini 65\u2019ten fazla f\u00fczeyle geli\u015fig\u00fczel hedef almalar\u0131 sonucunda geneli \u00e7ocuk ve kad\u0131nlardan 11 vatanda\u015f\u0131n \u015fehit, 65 vatanda\u015f\u0131n da yaral\u0131 d\u00fc\u015ft\u00fcklerini aktard\u0131<\/p>\n","protected":false},"excerpt":{"rendered":"<p>SANA\u2019n\u0131n Halep muhabiri Erdo\u011fan rejiminden deste\u011fi ve y\u00f6nlendirmeleriyle sivillere kin ve nefretlerini kusmaya devam eden ter\u00f6ristlerin Halep Kentinin sivil yerle\u015fim alanlar\u0131ndan Nil Caddesi, Sebil, Mokambo ve Razi b\u00f6lgelerini 65\u2019ten fazla f\u00fczeyle geli\u015fig\u00fczel hedef almalar\u0131 sonucunda geneli \u00e7ocuk ve kad\u0131nlardan 11 vatanda\u015f\u0131n \u015fehit, 65 vatanda\u015f\u0131n da yaral\u0131 d\u00fc\u015ft\u00fcklerini aktard\u0131<\/p>\n","protected":false},"author":1,"featured_media":0,"comment_status":"closed","ping_status":"closed","sticky":false,"template":"","format":"standard","meta":{"footnotes":""},"categories":[17991],"tags":[],"class_list":["post-71575","post","type-post","status-publish","format-standard","","category-son-dakika"],"_links":{"self":[{"href":"https:\/\/archive.sana.sy\/tr\/index.php?rest_route=\/wp\/v2\/posts\/71575","targetHints":{"allow":["GET"]}}],"collection":[{"href":"https:\/\/archive.sana.sy\/tr\/index.php?rest_route=\/wp\/v2\/posts"}],"about":[{"href":"https:\/\/archive.sana.sy\/tr\/index.php?rest_route=\/wp\/v2\/types\/post"}],"author":[{"embeddable":true,"href":"https:\/\/archive.sana.sy\/tr\/index.php?rest_route=\/wp\/v2\/users\/1"}],"replies":[{"embeddable":true,"href":"https:\/\/archive.sana.sy\/tr\/index.php?rest_route=%2Fwp%2Fv2%2Fcomments&post=71575"}],"version-history":[{"count":0,"href":"https:\/\/archive.sana.sy\/tr\/index.php?rest_route=\/wp\/v2\/posts\/71575\/revisions"}],"wp:attachment":[{"href":"https:\/\/archive.sana.sy\/tr\/index.php?rest_route=%2Fwp%2Fv2%2Fmedia&parent=71575"}],"wp:term":[{"taxonomy":"category","embeddable":true,"href":"https:\/\/archive.sana.sy\/tr\/index.php?rest_route=%2Fwp%2Fv2%2Fcategories&post=71575"},{"taxonomy":"post_tag","embeddable":true,"href":"https:\/\/archive.sana.sy\/tr\/index.php?rest_route=%2Fwp%2Fv2%2Ftags&post=71575"}],"curies":[{"name":"wp","href":"https:\/\/api.w.org\/{rel}","templated":true}]}}