{"id":7158,"date":"2014-08-13T12:56:41","date_gmt":"2014-08-13T09:56:41","guid":{"rendered":"http:\/\/www.sana.sy\/tr\/?p=7158"},"modified":"2014-08-13T13:02:18","modified_gmt":"2014-08-13T10:02:18","slug":"el-harameyn-el-serifeyn-teror-orgutu-elebasi-israile-5-kez-gittim","status":"publish","type":"post","link":"https:\/\/archive.sana.sy\/tr\/?p=7158","title":{"rendered":"\u201cEl Harameyn el \u015eerifeyn Ter\u00f6r \u00d6rg\u00fct\u00fc\u201d Eleba\u015f\u0131: \u0130srail\u2019e 5 Kez Gittim"},"content":{"rendered":"<p>\u015eAM \u2013 Dera\u2019da S\u00f6zde \u201cel Harameyn el \u015eerifeyn Tugay\u0131\u201d adl\u0131 ter\u00f6r \u00f6rg\u00fct\u00fc eleba\u015f\u0131 \u015eerif el Saffuri, i\u015fgal edilen Filistin topraklar\u0131na \u201ci\u015fgalci \u0130srail\u2019e\u201d \u0130srailli subaylar e\u015fli\u011finde bir ka\u00e7 girip \u00e7\u0131kt\u0131\u011f\u0131n\u0131 itiraf etti.<\/p>\n<p>\u0130nternette yay\u0131nlanan kendisine ait ses kayd\u0131nda el Saffuri, i\u015fgalci \u0130srail varl\u0131\u011f\u0131n\u0131n Suriye\u2019de yaralanan ter\u00f6ristleri i\u015fgal edilen topraklara ta\u015f\u0131nmalar\u0131 ard\u0131ndan tedavi etti\u011fini, onlara silah ve cephane yard\u0131m\u0131nda bulunduklar\u0131n\u0131 ayr\u0131ca, s\u00f6z konusu subaylarla muhtelif alanlarda koordinasyonun yap\u0131ld\u0131\u011f\u0131n\u0131 belirtti.<\/p>\n<p>\u0130srail medya organlar\u0131nda her g\u00fcn bu gibi haberlerden yoksun olmuyor. \u00d6yle ki bu do\u011frultuda \u00e7ok dakik bir say\u0131n\u0131n bulundu\u011fu ve bu say\u0131n\u0131n y\u00fczlerce ter\u00f6risti ge\u00e7ti\u011fi ifade ediliyor.<\/p>\n<p>Kay\u0131tta Saffuri, kendisinin \u0130srail\u2019i 5 kez ziyaret etti\u011fini, \u0130srailli subaylarla bir araya geldi\u011fini ve kendilerine yap\u0131lan \u0130srail deste\u011fi ve i\u015fgal y\u00f6netimiyle b\u00f6lge hususunda detayl\u0131 bilgi al\u0131\u015fveri\u015finde bulunduklar\u0131n\u0131 ifade ediyor.<\/p>\n<p>You Tube\u2019ta yay\u0131nlanan kay\u0131tlarda ter\u00f6rist eleba\u015f\u0131 Saffuri, kendi ter\u00f6r grubunun \u0130srail i\u015fgal varl\u0131\u011f\u0131ndan muhtelif silahlar ald\u0131klar\u0131n\u0131 bunlar\u0131n i\u00e7inde otomatik silah, cephane ve RPG f\u00fczelerinin de bulundu\u011funu s\u00f6yl\u00fcyor.<\/p>\n<p>Bu video g\u00f6r\u00fcnt\u00fcleri yeni bir olay vermekle kalm\u0131yor bilakis Suriye\u2019deki ter\u00f6r gruplar\u0131yla i\u015fgalci \u0130srail y\u00f6netimi aras\u0131ndaki derin ili\u015fkiyi g\u00f6zler \u00f6n\u00fcne seriyor.<\/p>\n<p>\u00d6rne\u011fin bu ter\u00f6r \u00f6rg\u00fctlerinin siyasi liderlerinden olan ve Doha koalisyonu eleba\u015flar\u0131ndan Kemal Lubvani adl\u0131 \u015fah\u0131s \u0130srailli bir medya kurulu\u015fundan di\u011ferine, Amerikan elektronik sitelerine en son da Alman haber ajans\u0131na ve televizyon kanallar\u0131na var\u0131ncaya kadar ta\u015f\u0131nmakla me\u015fhur oldu\u011fu g\u00f6r\u00fcld\u00fc.<\/p>\n<p>Bu \u015fah\u0131s medya kurulu\u015flar\u0131 ve televizyonlarda Suriye\u2019ye kar\u015f\u0131 askeri m\u00fcdahalelerde bulunma ve \u0130srail\u2019i daha fazla Suriye topra\u011f\u0131 i\u015fgal etmesine davet etme c\u00fcretine kadar varm\u0131\u015ft\u0131r.<\/p>\n<p>Ge\u00e7en May\u0131s ay\u0131nda da Amerikal\u0131 The Daily Best sitesinde \u201cSuriyeli asi yeni bir ortak istiyor\u201d ba\u015fl\u0131\u011f\u0131 alt\u0131nda yay\u0131nlanan makalede, \u0130srail\u2019in kendileri i\u00e7in bir d\u00fc\u015fman olmad\u0131\u011f\u0131n\u0131, \u0130srail\u2019in Suriye\u2019den gelen ter\u00f6rist gruplar\u0131ndan yaral\u0131lar\u0131 tedavi etmesinden duydu\u011fu sevincini dile getiriyor \u0130srail\u2019i ortak olarak g\u00f6r\u00fcyordu.<\/p>\n<p>&nbsp;<\/p>\n","protected":false},"excerpt":{"rendered":"<p>\u015eAM \u2013 Dera\u2019da S\u00f6zde \u201cel Harameyn el \u015eerifeyn Tugay\u0131\u201d adl\u0131 ter\u00f6r \u00f6rg\u00fct\u00fc eleba\u015f\u0131 \u015eerif el Saffuri, i\u015fgal edilen Filistin topraklar\u0131na \u201ci\u015fgalci \u0130srail\u2019e\u201d \u0130srailli subaylar e\u015fli\u011finde bir ka\u00e7 girip \u00e7\u0131kt\u0131\u011f\u0131n\u0131 itiraf etti. \u0130nternette yay\u0131nlanan kendisine ait ses kayd\u0131nda el Saffuri, i\u015fgalci \u0130srail varl\u0131\u011f\u0131n\u0131n Suriye\u2019de yaralanan ter\u00f6ristleri i\u015fgal edilen topraklara ta\u015f\u0131nmalar\u0131 ard\u0131ndan tedavi etti\u011fini, onlara silah ve &hellip;<\/p>\n","protected":false},"author":1,"featured_media":7159,"comment_status":"closed","ping_status":"closed","sticky":false,"template":"","format":"standard","meta":{"footnotes":""},"categories":[447,478],"tags":[1601],"class_list":["post-7158","post","type-post","status-publish","format-standard","has-post-thumbnail","","category-politika","category-yerel","tag-el-harameyn-el-serifeyn-teror-orgutu-elebasi-israile-5-kez-gittim"],"_links":{"self":[{"href":"https:\/\/archive.sana.sy\/tr\/index.php?rest_route=\/wp\/v2\/posts\/7158","targetHints":{"allow":["GET"]}}],"collection":[{"href":"https:\/\/archive.sana.sy\/tr\/index.php?rest_route=\/wp\/v2\/posts"}],"about":[{"href":"https:\/\/archive.sana.sy\/tr\/index.php?rest_route=\/wp\/v2\/types\/post"}],"author":[{"embeddable":true,"href":"https:\/\/archive.sana.sy\/tr\/index.php?rest_route=\/wp\/v2\/users\/1"}],"replies":[{"embeddable":true,"href":"https:\/\/archive.sana.sy\/tr\/index.php?rest_route=%2Fwp%2Fv2%2Fcomments&post=7158"}],"version-history":[{"count":0,"href":"https:\/\/archive.sana.sy\/tr\/index.php?rest_route=\/wp\/v2\/posts\/7158\/revisions"}],"wp:featuredmedia":[{"embeddable":true,"href":"https:\/\/archive.sana.sy\/tr\/index.php?rest_route=\/wp\/v2\/media\/7159"}],"wp:attachment":[{"href":"https:\/\/archive.sana.sy\/tr\/index.php?rest_route=%2Fwp%2Fv2%2Fmedia&parent=7158"}],"wp:term":[{"taxonomy":"category","embeddable":true,"href":"https:\/\/archive.sana.sy\/tr\/index.php?rest_route=%2Fwp%2Fv2%2Fcategories&post=7158"},{"taxonomy":"post_tag","embeddable":true,"href":"https:\/\/archive.sana.sy\/tr\/index.php?rest_route=%2Fwp%2Fv2%2Ftags&post=7158"}],"curies":[{"name":"wp","href":"https:\/\/api.w.org\/{rel}","templated":true}]}}