{"id":71589,"date":"2016-05-03T13:01:34","date_gmt":"2016-05-03T10:01:34","guid":{"rendered":"http:\/\/www.sana.sy\/tr\/?p=71589"},"modified":"2016-05-03T13:28:53","modified_gmt":"2016-05-03T10:28:53","slug":"rusya-disisleri-bakani-sergey-lavrov-bugun-moskovada-bm-genel-sekreterinin-suriye-ozel-temsilcisi-staffan-de-misturayi-kabulunde-rusyanin-suriyedeki-krizin-siyasi-cozumu-yonunde-harcana","status":"publish","type":"post","link":"https:\/\/archive.sana.sy\/tr\/?p=71589","title":{"rendered":"Rusya D\u0131\u015fi\u015fleri Bakan\u0131 Sergey Lavrov bug\u00fcn Moskova&#8217;da BM genel sekreterinin Suriye \u00f6zel temsilcisi Staffan de Mistura\u2019y\u0131 kabul\u00fcnde Rusya&#8217;n\u0131n Suriye&#8217;deki krizin siyasi \u00e7\u00f6z\u00fcm\u00fc y\u00f6n\u00fcnde harcanan t\u00fcm \u00e7abalar\u0131 memnuniyetle kar\u015f\u0131lad\u0131\u011f\u0131n\u0131 belirtti"},"content":{"rendered":"<p>Rusya D\u0131\u015fi\u015fleri Bakan\u0131 Sergey Lavrov bug\u00fcn Moskova&#8217;da BM genel sekreterinin Suriye \u00f6zel temsilcisi Staffan de Mistura\u2019y\u0131 kabul\u00fcnde Rusya&#8217;n\u0131n Suriye&#8217;deki krizin siyasi \u00e7\u00f6z\u00fcm\u00fc y\u00f6n\u00fcnde harcanan t\u00fcm \u00e7abalar\u0131 memnuniyetle kar\u015f\u0131lad\u0131\u011f\u0131n\u0131 belirtti<\/p>\n","protected":false},"excerpt":{"rendered":"<p>Rusya D\u0131\u015fi\u015fleri Bakan\u0131 Sergey Lavrov bug\u00fcn Moskova&#8217;da BM genel sekreterinin Suriye \u00f6zel temsilcisi Staffan de Mistura\u2019y\u0131 kabul\u00fcnde Rusya&#8217;n\u0131n Suriye&#8217;deki krizin siyasi \u00e7\u00f6z\u00fcm\u00fc y\u00f6n\u00fcnde harcanan t\u00fcm \u00e7abalar\u0131 memnuniyetle kar\u015f\u0131lad\u0131\u011f\u0131n\u0131 belirtti<\/p>\n","protected":false},"author":1,"featured_media":0,"comment_status":"closed","ping_status":"closed","sticky":false,"template":"","format":"standard","meta":{"footnotes":""},"categories":[17991],"tags":[],"class_list":["post-71589","post","type-post","status-publish","format-standard","","category-son-dakika"],"_links":{"self":[{"href":"https:\/\/archive.sana.sy\/tr\/index.php?rest_route=\/wp\/v2\/posts\/71589","targetHints":{"allow":["GET"]}}],"collection":[{"href":"https:\/\/archive.sana.sy\/tr\/index.php?rest_route=\/wp\/v2\/posts"}],"about":[{"href":"https:\/\/archive.sana.sy\/tr\/index.php?rest_route=\/wp\/v2\/types\/post"}],"author":[{"embeddable":true,"href":"https:\/\/archive.sana.sy\/tr\/index.php?rest_route=\/wp\/v2\/users\/1"}],"replies":[{"embeddable":true,"href":"https:\/\/archive.sana.sy\/tr\/index.php?rest_route=%2Fwp%2Fv2%2Fcomments&post=71589"}],"version-history":[{"count":0,"href":"https:\/\/archive.sana.sy\/tr\/index.php?rest_route=\/wp\/v2\/posts\/71589\/revisions"}],"wp:attachment":[{"href":"https:\/\/archive.sana.sy\/tr\/index.php?rest_route=%2Fwp%2Fv2%2Fmedia&parent=71589"}],"wp:term":[{"taxonomy":"category","embeddable":true,"href":"https:\/\/archive.sana.sy\/tr\/index.php?rest_route=%2Fwp%2Fv2%2Fcategories&post=71589"},{"taxonomy":"post_tag","embeddable":true,"href":"https:\/\/archive.sana.sy\/tr\/index.php?rest_route=%2Fwp%2Fv2%2Ftags&post=71589"}],"curies":[{"name":"wp","href":"https:\/\/api.w.org\/{rel}","templated":true}]}}