{"id":71590,"date":"2016-05-03T13:32:11","date_gmt":"2016-05-03T10:32:11","guid":{"rendered":"http:\/\/www.sana.sy\/tr\/?p=71590"},"modified":"2016-05-03T13:32:11","modified_gmt":"2016-05-03T10:32:11","slug":"ordu-ve-silahli-kuvvetler-genel-komutanligi-halepte-catismalarin-durdurulmasi-durumunun-pekistirilmesi-yonunde-yerel-ve-uluslar-arasi-yogun-cabalarin-harcandigi-bir-zamanda-dis-guclerden-dest","status":"publish","type":"post","link":"https:\/\/archive.sana.sy\/tr\/?p=71590","title":{"rendered":"Ordu ve Silahl\u0131 Kuvvetler Genel Komutanl\u0131\u011f\u0131 Halep\u2019te \u00e7at\u0131\u015fmalar\u0131n durdurulmas\u0131 durumunun peki\u015ftirilmesi y\u00f6n\u00fcnde yerel ve uluslar aras\u0131 yo\u011fun \u00e7abalar\u0131n harcand\u0131\u011f\u0131 bir zamanda d\u0131\u015f g\u00fc\u00e7lerden destek ve talimat alan bir\u00e7ok ter\u00f6r \u00f6rg\u00fct\u00fcn\u00fcn Halep\u2019in muhtelif sivil yerle\u015fim b\u00f6lgelerini geli\u015fig\u00fczel f\u00fcze ya\u011fmuruna tutmalar\u0131 ard\u0131ndan bir\u00e7ok eksenden h\u0131r\u00e7\u0131n sald\u0131r\u0131da bulunduklar\u0131n\u0131 belirtti"},"content":{"rendered":"<p>Ordu ve Silahl\u0131 Kuvvetler Genel Komutanl\u0131\u011f\u0131 Halep\u2019te \u00e7at\u0131\u015fmalar\u0131n durdurulmas\u0131 durumunun peki\u015ftirilmesi y\u00f6n\u00fcnde yerel ve uluslar aras\u0131 yo\u011fun \u00e7abalar\u0131n harcand\u0131\u011f\u0131 bir zamanda d\u0131\u015f g\u00fc\u00e7lerden destek ve talimat alan bir\u00e7ok ter\u00f6r \u00f6rg\u00fct\u00fcn\u00fcn Halep\u2019in muhtelif sivil yerle\u015fim b\u00f6lgelerini geli\u015fig\u00fczel f\u00fcze ya\u011fmuruna tutmalar\u0131 ard\u0131ndan bir\u00e7ok eksenden h\u0131r\u00e7\u0131n sald\u0131r\u0131da bulunduklar\u0131n\u0131 belirtti<\/p>\n","protected":false},"excerpt":{"rendered":"<p>Ordu ve Silahl\u0131 Kuvvetler Genel Komutanl\u0131\u011f\u0131 Halep\u2019te \u00e7at\u0131\u015fmalar\u0131n durdurulmas\u0131 durumunun peki\u015ftirilmesi y\u00f6n\u00fcnde yerel ve uluslar aras\u0131 yo\u011fun \u00e7abalar\u0131n harcand\u0131\u011f\u0131 bir zamanda d\u0131\u015f g\u00fc\u00e7lerden destek ve talimat alan bir\u00e7ok ter\u00f6r \u00f6rg\u00fct\u00fcn\u00fcn Halep\u2019in muhtelif sivil yerle\u015fim b\u00f6lgelerini geli\u015fig\u00fczel f\u00fcze ya\u011fmuruna tutmalar\u0131 ard\u0131ndan bir\u00e7ok eksenden h\u0131r\u00e7\u0131n sald\u0131r\u0131da bulunduklar\u0131n\u0131 belirtti<\/p>\n","protected":false},"author":1,"featured_media":0,"comment_status":"closed","ping_status":"closed","sticky":false,"template":"","format":"standard","meta":{"footnotes":""},"categories":[17991],"tags":[],"class_list":["post-71590","post","type-post","status-publish","format-standard","","category-son-dakika"],"_links":{"self":[{"href":"https:\/\/archive.sana.sy\/tr\/index.php?rest_route=\/wp\/v2\/posts\/71590","targetHints":{"allow":["GET"]}}],"collection":[{"href":"https:\/\/archive.sana.sy\/tr\/index.php?rest_route=\/wp\/v2\/posts"}],"about":[{"href":"https:\/\/archive.sana.sy\/tr\/index.php?rest_route=\/wp\/v2\/types\/post"}],"author":[{"embeddable":true,"href":"https:\/\/archive.sana.sy\/tr\/index.php?rest_route=\/wp\/v2\/users\/1"}],"replies":[{"embeddable":true,"href":"https:\/\/archive.sana.sy\/tr\/index.php?rest_route=%2Fwp%2Fv2%2Fcomments&post=71590"}],"version-history":[{"count":0,"href":"https:\/\/archive.sana.sy\/tr\/index.php?rest_route=\/wp\/v2\/posts\/71590\/revisions"}],"wp:attachment":[{"href":"https:\/\/archive.sana.sy\/tr\/index.php?rest_route=%2Fwp%2Fv2%2Fmedia&parent=71590"}],"wp:term":[{"taxonomy":"category","embeddable":true,"href":"https:\/\/archive.sana.sy\/tr\/index.php?rest_route=%2Fwp%2Fv2%2Fcategories&post=71590"},{"taxonomy":"post_tag","embeddable":true,"href":"https:\/\/archive.sana.sy\/tr\/index.php?rest_route=%2Fwp%2Fv2%2Ftags&post=71590"}],"curies":[{"name":"wp","href":"https:\/\/api.w.org\/{rel}","templated":true}]}}