{"id":7161,"date":"2014-08-13T13:00:27","date_gmt":"2014-08-13T10:00:27","guid":{"rendered":"http:\/\/www.sana.sy\/tr\/?p=7161"},"modified":"2014-08-13T13:00:27","modified_gmt":"2014-08-13T10:00:27","slug":"suriye-irak-ve-lubnana-yonelik-tekfiri-saldirilar-israil-cikarina-akiyor","status":"publish","type":"post","link":"https:\/\/archive.sana.sy\/tr\/?p=7161","title":{"rendered":"Suriye, Irak ve L\u00fcbnan\u2019a Y\u00f6nelik Tekfiri Sald\u0131r\u0131lar \u0130srail \u00c7\u0131kar\u0131na Ak\u0131yor"},"content":{"rendered":"<p>TAHRAN \u2013 \u0130ran \u015eura Meclisi Ba\u015fkan\u0131 Ali Laricani, Suriye, Irak ve L\u00fcbnan\u2019daki ter\u00f6r \u00f6rg\u00fctlerinin i\u015fledi\u011fi katliamlar\u0131n Gazze Kesimine sald\u0131r\u0131s\u0131 ve b\u00f6lgedeki durumlar\u0131 suiistimal eden Siyonist varl\u0131k \u00e7\u0131kar\u0131na akt\u0131\u011f\u0131n\u0131 belirtti.<\/p>\n<p>Laricani \u0130ranl\u0131 el Vifak gazetesine bug\u00fcn verdi\u011fi deme\u00e7te, s\u00f6zde \u201cIrak ve \u015eam Devleti\u201d adl\u0131 ter\u00f6r \u00f6rg\u00fct\u00fcn\u00fcn \u0130srail\u2019 y\u00f6nelik tutumu ve ona kar\u015f\u0131 sava\u015f\u0131 reddetti\u011fine dikkat \u00e7ekerek halihaz\u0131rdaki b\u00f6lge krizlerinin birbirleriyle ba\u011flant\u0131l\u0131 oldu\u011funu s\u00f6yledi.<\/p>\n<p>Laricani, i\u015fgalci \u0130srail\u2019in Gazze Kesimine y\u00f6nelik sald\u0131r\u0131lar\u0131n\u0131 \u201cfelaket\u201d olarak nitelendirdi.<\/p>\n<p>&nbsp;<\/p>\n","protected":false},"excerpt":{"rendered":"<p>TAHRAN \u2013 \u0130ran \u015eura Meclisi Ba\u015fkan\u0131 Ali Laricani, Suriye, Irak ve L\u00fcbnan\u2019daki ter\u00f6r \u00f6rg\u00fctlerinin i\u015fledi\u011fi katliamlar\u0131n Gazze Kesimine sald\u0131r\u0131s\u0131 ve b\u00f6lgedeki durumlar\u0131 suiistimal eden Siyonist varl\u0131k \u00e7\u0131kar\u0131na akt\u0131\u011f\u0131n\u0131 belirtti. Laricani \u0130ranl\u0131 el Vifak gazetesine bug\u00fcn verdi\u011fi deme\u00e7te, s\u00f6zde \u201cIrak ve \u015eam Devleti\u201d adl\u0131 ter\u00f6r \u00f6rg\u00fct\u00fcn\u00fcn \u0130srail\u2019 y\u00f6nelik tutumu ve ona kar\u015f\u0131 sava\u015f\u0131 reddetti\u011fine dikkat \u00e7ekerek &hellip;<\/p>\n","protected":false},"author":1,"featured_media":7162,"comment_status":"closed","ping_status":"closed","sticky":false,"template":"","format":"standard","meta":{"footnotes":""},"categories":[458,459,447],"tags":[1602,16591],"class_list":["post-7161","post","type-post","status-publish","format-standard","has-post-thumbnail","","category-dunya1","category-haberler-arap-uluslararasi-politika","category-politika","tag-irak-ve-lubnana-yonelik-tekfiri-saldirilar-israil-cikarina-akiyor","tag-suriye"],"_links":{"self":[{"href":"https:\/\/archive.sana.sy\/tr\/index.php?rest_route=\/wp\/v2\/posts\/7161","targetHints":{"allow":["GET"]}}],"collection":[{"href":"https:\/\/archive.sana.sy\/tr\/index.php?rest_route=\/wp\/v2\/posts"}],"about":[{"href":"https:\/\/archive.sana.sy\/tr\/index.php?rest_route=\/wp\/v2\/types\/post"}],"author":[{"embeddable":true,"href":"https:\/\/archive.sana.sy\/tr\/index.php?rest_route=\/wp\/v2\/users\/1"}],"replies":[{"embeddable":true,"href":"https:\/\/archive.sana.sy\/tr\/index.php?rest_route=%2Fwp%2Fv2%2Fcomments&post=7161"}],"version-history":[{"count":0,"href":"https:\/\/archive.sana.sy\/tr\/index.php?rest_route=\/wp\/v2\/posts\/7161\/revisions"}],"wp:featuredmedia":[{"embeddable":true,"href":"https:\/\/archive.sana.sy\/tr\/index.php?rest_route=\/wp\/v2\/media\/7162"}],"wp:attachment":[{"href":"https:\/\/archive.sana.sy\/tr\/index.php?rest_route=%2Fwp%2Fv2%2Fmedia&parent=7161"}],"wp:term":[{"taxonomy":"category","embeddable":true,"href":"https:\/\/archive.sana.sy\/tr\/index.php?rest_route=%2Fwp%2Fv2%2Fcategories&post=7161"},{"taxonomy":"post_tag","embeddable":true,"href":"https:\/\/archive.sana.sy\/tr\/index.php?rest_route=%2Fwp%2Fv2%2Ftags&post=7161"}],"curies":[{"name":"wp","href":"https:\/\/api.w.org\/{rel}","templated":true}]}}