{"id":71635,"date":"2016-05-03T13:35:27","date_gmt":"2016-05-03T10:35:27","guid":{"rendered":"http:\/\/sana.sy\/tr\/?p=71635"},"modified":"2016-05-04T11:47:53","modified_gmt":"2016-05-04T08:47:53","slug":"yaralilarin-durumunu-hakkinda-bilgi-alirken-saldiriya-ugrayan-semtleri-de-dolasti","status":"publish","type":"post","link":"https:\/\/archive.sana.sy\/tr\/?p=71635","title":{"rendered":"Yaral\u0131lar\u0131n Durumunu Hakk\u0131nda Bilgi Al\u0131rken, Sald\u0131r\u0131ya U\u011frayan Semtleri de Dola\u015ft\u0131"},"content":{"rendered":"<p>HALEP \u2013 Baas Partisi Genel Sekreter Yard\u0131mc\u0131s\u0131 Hilal el Hilal Cumhurba\u015fkan\u0131 Be\u015f\u015far el Esad\u2019\u0131n y\u00f6nlendirmeleri do\u011frultusunda bug\u00fcn Halep Kentinde Erdo\u011fan rejiminden talimat ve destek alan ter\u00f6ristlerin sald\u0131r\u0131lar\u0131 sonucunda yaralanan vatanda\u015flar\u0131n durumlar\u0131n\u0131 hastanelerde incelemesi ard\u0131ndan geli\u015fig\u00fczel f\u00fcze sald\u0131r\u0131lar\u0131na maruz kalan sivil yerle\u015fim alanlar\u0131nda da saha incelemelerinde bulundu.<\/p>\n<p><a href=\"http:\/\/sana.sy\/tr\/wp-content\/uploads\/2016\/05\/el-Hilal.jpg\"><img loading=\"lazy\" decoding=\"async\" class=\"alignright wp-image-71638 size-medium\" src=\"http:\/\/sana.sy\/tr\/wp-content\/uploads\/2016\/05\/el-Hilal-300x200.jpg\" alt=\"el Hilal\" width=\"300\" height=\"200\" srcset=\"https:\/\/archive.sana.sy\/tr\/wp-content\/uploads\/2016\/05\/el-Hilal-300x200.jpg 300w, https:\/\/archive.sana.sy\/tr\/wp-content\/uploads\/2016\/05\/el-Hilal-150x100.jpg 150w, https:\/\/archive.sana.sy\/tr\/wp-content\/uploads\/2016\/05\/el-Hilal-768x512.jpg 768w, https:\/\/archive.sana.sy\/tr\/wp-content\/uploads\/2016\/05\/el-Hilal-1024x682.jpg 1024w, https:\/\/archive.sana.sy\/tr\/wp-content\/uploads\/2016\/05\/el-Hilal.jpg 1685w\" sizes=\"auto, (max-width: 300px) 100vw, 300px\" \/><\/a>Yaral\u0131lar\u0131n tedavi g\u00f6rd\u00fckleri Razi, Askeri ve \u00dcniversite hastanelerini ziyaret edip onlar\u0131n durumlar\u0131 hakk\u0131nda bilgi alan Hilal; yaral\u0131lara gereken t\u00fcm yard\u0131mlar\u0131n en iyi \u015fekilde takdim edilmesi i\u00e7in gerekli y\u00f6nlendirmelerde bulundu. Hilal ter\u00f6r \u00e7eteleri ve destek\u00e7ileri kimi rejimlerin Suriye&#8217;nin direni\u015fini k\u0131rma ve deh\u015fet sa\u00e7makla Suriyelilerin y\u00fcre\u011fine yenilgiyi ekmeye \u00e7al\u0131\u015ft\u0131klar\u0131n\u0131, fakat Suriye halk\u0131 ve ordusunun buna izin vermelerinin m\u00fcmk\u00fcn olmad\u0131\u011f\u0131n\u0131 ifade etti.<\/p>\n<p>Hilal Halep ahalisinin t\u00fcm ihtiya\u00e7 ve gereksinimlerinin kar\u015f\u0131lanmas\u0131 ve korunmalar\u0131 konusunda Cumhurba\u015fkan\u0131 el Esad\u2019\u0131n a\u00e7\u0131k ve net talimatlar\u0131 bulundu\u011funu belirtti.<\/p>\n<p>Halep kenti birka\u00e7 g\u00fcnden beri Erdo\u011fan rejiminin destekleyip y\u00f6nlendirdi\u011fi ter\u00f6ristler taraf\u0131ndan yo\u011fun ve geli\u015fig\u00fczel f\u00fcze sald\u0131r\u0131lar\u0131na maruz kalmas\u0131yla bu sald\u0131r\u0131larda geneli \u00e7ocuk ve kad\u0131nlardan olu\u015fan y\u00fczlerce vatanda\u015f \u015fehit ve yaral\u0131 d\u00fc\u015ft\u00fc.<\/p>\n<div id='gallery-1' class='gallery galleryid-71635 gallery-columns-2 gallery-size-medium'><figure class='gallery-item'>\n\t\t\t<div class='gallery-icon landscape'>\n\t\t\t\t<a href='https:\/\/archive.sana.sy\/tr\/wp-content\/uploads\/2016\/05\/el-Hilal-1.jpg'><img loading=\"lazy\" decoding=\"async\" width=\"300\" height=\"200\" src=\"https:\/\/archive.sana.sy\/tr\/wp-content\/uploads\/2016\/05\/el-Hilal-1-300x200.jpg\" class=\"attachment-medium size-medium\" alt=\"\" srcset=\"https:\/\/archive.sana.sy\/tr\/wp-content\/uploads\/2016\/05\/el-Hilal-1-300x200.jpg 300w, https:\/\/archive.sana.sy\/tr\/wp-content\/uploads\/2016\/05\/el-Hilal-1-150x100.jpg 150w, https:\/\/archive.sana.sy\/tr\/wp-content\/uploads\/2016\/05\/el-Hilal-1-768x512.jpg 768w, https:\/\/archive.sana.sy\/tr\/wp-content\/uploads\/2016\/05\/el-Hilal-1-1024x682.jpg 1024w, https:\/\/archive.sana.sy\/tr\/wp-content\/uploads\/2016\/05\/el-Hilal-1.jpg 1685w\" sizes=\"auto, (max-width: 300px) 100vw, 300px\" \/><\/a>\n\t\t\t<\/div><\/figure><figure class='gallery-item'>\n\t\t\t<div class='gallery-icon landscape'>\n\t\t\t\t<a href='https:\/\/archive.sana.sy\/tr\/wp-content\/uploads\/2016\/05\/el-Hilal-6.jpg'><img loading=\"lazy\" decoding=\"async\" width=\"300\" height=\"215\" src=\"https:\/\/archive.sana.sy\/tr\/wp-content\/uploads\/2016\/05\/el-Hilal-6-300x215.jpg\" class=\"attachment-medium size-medium\" alt=\"\" srcset=\"https:\/\/archive.sana.sy\/tr\/wp-content\/uploads\/2016\/05\/el-Hilal-6-300x215.jpg 300w, https:\/\/archive.sana.sy\/tr\/wp-content\/uploads\/2016\/05\/el-Hilal-6-150x108.jpg 150w, https:\/\/archive.sana.sy\/tr\/wp-content\/uploads\/2016\/05\/el-Hilal-6-768x551.jpg 768w, https:\/\/archive.sana.sy\/tr\/wp-content\/uploads\/2016\/05\/el-Hilal-6-1024x734.jpg 1024w, https:\/\/archive.sana.sy\/tr\/wp-content\/uploads\/2016\/05\/el-Hilal-6.jpg 1349w\" sizes=\"auto, (max-width: 300px) 100vw, 300px\" \/><\/a>\n\t\t\t<\/div><\/figure><figure class='gallery-item'>\n\t\t\t<div class='gallery-icon landscape'>\n\t\t\t\t<a href='https:\/\/archive.sana.sy\/tr\/wp-content\/uploads\/2016\/05\/el-Hilal-4.jpg'><img loading=\"lazy\" decoding=\"async\" width=\"300\" height=\"200\" src=\"https:\/\/archive.sana.sy\/tr\/wp-content\/uploads\/2016\/05\/el-Hilal-4-300x200.jpg\" class=\"attachment-medium size-medium\" alt=\"\" srcset=\"https:\/\/archive.sana.sy\/tr\/wp-content\/uploads\/2016\/05\/el-Hilal-4-300x200.jpg 300w, https:\/\/archive.sana.sy\/tr\/wp-content\/uploads\/2016\/05\/el-Hilal-4-150x100.jpg 150w, https:\/\/archive.sana.sy\/tr\/wp-content\/uploads\/2016\/05\/el-Hilal-4-768x512.jpg 768w, https:\/\/archive.sana.sy\/tr\/wp-content\/uploads\/2016\/05\/el-Hilal-4-1024x682.jpg 1024w, https:\/\/archive.sana.sy\/tr\/wp-content\/uploads\/2016\/05\/el-Hilal-4.jpg 1685w\" sizes=\"auto, (max-width: 300px) 100vw, 300px\" \/><\/a>\n\t\t\t<\/div><\/figure><figure class='gallery-item'>\n\t\t\t<div class='gallery-icon landscape'>\n\t\t\t\t<a href='https:\/\/archive.sana.sy\/tr\/wp-content\/uploads\/2016\/05\/el-Hilal-5.jpg'><img loading=\"lazy\" decoding=\"async\" width=\"300\" height=\"200\" src=\"https:\/\/archive.sana.sy\/tr\/wp-content\/uploads\/2016\/05\/el-Hilal-5-300x200.jpg\" class=\"attachment-medium size-medium\" alt=\"\" srcset=\"https:\/\/archive.sana.sy\/tr\/wp-content\/uploads\/2016\/05\/el-Hilal-5-300x200.jpg 300w, https:\/\/archive.sana.sy\/tr\/wp-content\/uploads\/2016\/05\/el-Hilal-5-150x100.jpg 150w, https:\/\/archive.sana.sy\/tr\/wp-content\/uploads\/2016\/05\/el-Hilal-5-768x512.jpg 768w, https:\/\/archive.sana.sy\/tr\/wp-content\/uploads\/2016\/05\/el-Hilal-5-1024x682.jpg 1024w, https:\/\/archive.sana.sy\/tr\/wp-content\/uploads\/2016\/05\/el-Hilal-5.jpg 1685w\" sizes=\"auto, (max-width: 300px) 100vw, 300px\" \/><\/a>\n\t\t\t<\/div><\/figure>\n\t\t<\/div>\n\n","protected":false},"excerpt":{"rendered":"<p>HALEP \u2013 Baas Partisi Genel Sekreter Yard\u0131mc\u0131s\u0131 Hilal el Hilal Cumhurba\u015fkan\u0131 Be\u015f\u015far el Esad\u2019\u0131n y\u00f6nlendirmeleri do\u011frultusunda bug\u00fcn Halep Kentinde Erdo\u011fan rejiminden talimat ve destek alan ter\u00f6ristlerin sald\u0131r\u0131lar\u0131 sonucunda yaralanan vatanda\u015flar\u0131n durumlar\u0131n\u0131 hastanelerde incelemesi ard\u0131ndan geli\u015fig\u00fczel f\u00fcze sald\u0131r\u0131lar\u0131na maruz kalan sivil yerle\u015fim alanlar\u0131nda da saha incelemelerinde bulundu. Yaral\u0131lar\u0131n tedavi g\u00f6rd\u00fckleri Razi, Askeri ve \u00dcniversite hastanelerini ziyaret &hellip;<\/p>\n","protected":false},"author":1,"featured_media":71637,"comment_status":"closed","ping_status":"closed","sticky":false,"template":"","format":"standard","meta":{"footnotes":""},"categories":[479,17988,478],"tags":[],"class_list":["post-71635","post","type-post","status-publish","format-standard","has-post-thumbnail","","category-haberler-yerel","category-son-haberler","category-yerel"],"_links":{"self":[{"href":"https:\/\/archive.sana.sy\/tr\/index.php?rest_route=\/wp\/v2\/posts\/71635","targetHints":{"allow":["GET"]}}],"collection":[{"href":"https:\/\/archive.sana.sy\/tr\/index.php?rest_route=\/wp\/v2\/posts"}],"about":[{"href":"https:\/\/archive.sana.sy\/tr\/index.php?rest_route=\/wp\/v2\/types\/post"}],"author":[{"embeddable":true,"href":"https:\/\/archive.sana.sy\/tr\/index.php?rest_route=\/wp\/v2\/users\/1"}],"replies":[{"embeddable":true,"href":"https:\/\/archive.sana.sy\/tr\/index.php?rest_route=%2Fwp%2Fv2%2Fcomments&post=71635"}],"version-history":[{"count":0,"href":"https:\/\/archive.sana.sy\/tr\/index.php?rest_route=\/wp\/v2\/posts\/71635\/revisions"}],"wp:featuredmedia":[{"embeddable":true,"href":"https:\/\/archive.sana.sy\/tr\/index.php?rest_route=\/wp\/v2\/media\/71637"}],"wp:attachment":[{"href":"https:\/\/archive.sana.sy\/tr\/index.php?rest_route=%2Fwp%2Fv2%2Fmedia&parent=71635"}],"wp:term":[{"taxonomy":"category","embeddable":true,"href":"https:\/\/archive.sana.sy\/tr\/index.php?rest_route=%2Fwp%2Fv2%2Fcategories&post=71635"},{"taxonomy":"post_tag","embeddable":true,"href":"https:\/\/archive.sana.sy\/tr\/index.php?rest_route=%2Fwp%2Fv2%2Ftags&post=71635"}],"curies":[{"name":"wp","href":"https:\/\/api.w.org\/{rel}","templated":true}]}}