{"id":71711,"date":"2016-05-04T09:44:56","date_gmt":"2016-05-04T06:44:56","guid":{"rendered":"http:\/\/sana.sy\/tr\/?p=71711"},"modified":"2016-05-06T15:06:11","modified_gmt":"2016-05-06T12:06:11","slug":"turkiye-rejimi-gerginlik-ve-siddeti-alevlendiriyor","status":"publish","type":"post","link":"https:\/\/archive.sana.sy\/tr\/?p=71711","title":{"rendered":"T\u00fcrkiye Rejimi Gerginlik ve \u015eiddeti Alevlendiriyor"},"content":{"rendered":"<p>MOSKOVA \u2013 Rusya D\u0131\u015fi\u015fleri Bakanl\u0131\u011f\u0131 S\u00f6zc\u00fcs\u00fc Maria Zakharova T\u00fcrkiye&#8217;deki rejimin b\u00f6lgedeki durumlar\u0131 alevlendirme ve gerginli\u011fi t\u0131rmand\u0131rma \u00e7abalar\u0131n\u0131 s\u00fcrd\u00fcrd\u00fc\u011f\u00fcn\u00fc vurgulad\u0131.<\/p>\n<p>Rus \u0130zvestia Gazetesi ile bir r\u00f6portaj\u0131nda Zakharova; T\u00fcrkiye rejiminin b\u00f6lgede oynad\u0131\u011f\u0131 y\u0131k\u0131c\u0131 rol\u00fcn k\u0131sa s\u00fcre i\u00e7inde olumlu y\u00f6nde de\u011fi\u015fmesi y\u00f6n\u00fcnde herhangi bir umudun bulunmad\u0131\u011f\u0131n\u0131 ifade etti.<\/p>\n<p>Zakharova T\u00fcrkiye rejiminin b\u00f6lgede gerginlik ve \u015fiddeti s\u00fcrekli ve yo\u011fun bir \u015fekilde t\u0131rmand\u0131rmaya \u00e7al\u0131\u015ft\u0131\u011f\u0131n\u0131 ifade ederken, Osmanl\u0131 zorbal\u0131\u011f\u0131 ve despotlu\u011funu geri getirme hayalleri oldu\u011fu imaj\u0131 verdi\u011fine dikkat \u00e7ekti.<\/p>\n<p>T\u00fcrkiye rejiminin gerek K\u0131r\u0131m Yar\u0131madas\u0131, gerek Suriye, gerek m\u00fclteciler, gerekse ter\u00f6re destek ya da \u0131rk\u00e7\u0131 tutumlar\u0131 veya daha bir\u00e7ok konuda \u015fiddet ve gerginli\u011fi alevlendirme, \u00e7\u00f6z\u00fcmleri de engelleme \u00e7abas\u0131nda oldu\u011funun alt\u0131n\u0131 \u00e7izdi.<\/p>\n<p>R.H.<\/p>\n","protected":false},"excerpt":{"rendered":"<p>MOSKOVA \u2013 Rusya D\u0131\u015fi\u015fleri Bakanl\u0131\u011f\u0131 S\u00f6zc\u00fcs\u00fc Maria Zakharova T\u00fcrkiye&#8217;deki rejimin b\u00f6lgedeki durumlar\u0131 alevlendirme ve gerginli\u011fi t\u0131rmand\u0131rma \u00e7abalar\u0131n\u0131 s\u00fcrd\u00fcrd\u00fc\u011f\u00fcn\u00fc vurgulad\u0131. Rus \u0130zvestia Gazetesi ile bir r\u00f6portaj\u0131nda Zakharova; T\u00fcrkiye rejiminin b\u00f6lgede oynad\u0131\u011f\u0131 y\u0131k\u0131c\u0131 rol\u00fcn k\u0131sa s\u00fcre i\u00e7inde olumlu y\u00f6nde de\u011fi\u015fmesi y\u00f6n\u00fcnde herhangi bir umudun bulunmad\u0131\u011f\u0131n\u0131 ifade etti. Zakharova T\u00fcrkiye rejiminin b\u00f6lgede gerginlik ve \u015fiddeti s\u00fcrekli ve yo\u011fun &hellip;<\/p>\n","protected":false},"author":1,"featured_media":62651,"comment_status":"closed","ping_status":"closed","sticky":false,"template":"","format":"standard","meta":{"footnotes":""},"categories":[17988,2554,2555],"tags":[20909],"class_list":["post-71711","post","type-post","status-publish","format-standard","has-post-thumbnail","","category-son-haberler","category-suriye-ve-dunya","category-suriye-ve-turkiye","tag-turkiye-rejimi-gerginlik-ve-siddeti-alevlendiriyor"],"_links":{"self":[{"href":"https:\/\/archive.sana.sy\/tr\/index.php?rest_route=\/wp\/v2\/posts\/71711","targetHints":{"allow":["GET"]}}],"collection":[{"href":"https:\/\/archive.sana.sy\/tr\/index.php?rest_route=\/wp\/v2\/posts"}],"about":[{"href":"https:\/\/archive.sana.sy\/tr\/index.php?rest_route=\/wp\/v2\/types\/post"}],"author":[{"embeddable":true,"href":"https:\/\/archive.sana.sy\/tr\/index.php?rest_route=\/wp\/v2\/users\/1"}],"replies":[{"embeddable":true,"href":"https:\/\/archive.sana.sy\/tr\/index.php?rest_route=%2Fwp%2Fv2%2Fcomments&post=71711"}],"version-history":[{"count":0,"href":"https:\/\/archive.sana.sy\/tr\/index.php?rest_route=\/wp\/v2\/posts\/71711\/revisions"}],"wp:featuredmedia":[{"embeddable":true,"href":"https:\/\/archive.sana.sy\/tr\/index.php?rest_route=\/wp\/v2\/media\/62651"}],"wp:attachment":[{"href":"https:\/\/archive.sana.sy\/tr\/index.php?rest_route=%2Fwp%2Fv2%2Fmedia&parent=71711"}],"wp:term":[{"taxonomy":"category","embeddable":true,"href":"https:\/\/archive.sana.sy\/tr\/index.php?rest_route=%2Fwp%2Fv2%2Fcategories&post=71711"},{"taxonomy":"post_tag","embeddable":true,"href":"https:\/\/archive.sana.sy\/tr\/index.php?rest_route=%2Fwp%2Fv2%2Ftags&post=71711"}],"curies":[{"name":"wp","href":"https:\/\/api.w.org\/{rel}","templated":true}]}}