{"id":7175,"date":"2014-08-14T10:10:02","date_gmt":"2014-08-14T07:10:02","guid":{"rendered":"http:\/\/www.sana.sy\/tr\/?p=7175"},"modified":"2014-08-14T13:56:55","modified_gmt":"2014-08-14T10:56:55","slug":"ordunun-basarili-operasyonlari-muhtelif-bolgelerde-suruyor","status":"publish","type":"post","link":"https:\/\/archive.sana.sy\/tr\/?p=7175","title":{"rendered":"Ordunun Ba\u015far\u0131l\u0131 Operasyonlar\u0131 Muhtelif B\u00f6lgelerde S\u00fcr\u00fcyor"},"content":{"rendered":"<p>\u0130LLER \u2013 Kahraman Ordu Birliklerimizin Kiral\u0131k ter\u00f6ristlere y\u00f6nelik ba\u015far\u0131l\u0131 operasyonlar\u0131 ba\u015far\u0131larla s\u00fcr\u00fcyor. Operasyonlarda \u00e7ok say\u0131da ter\u00f6rist \u00f6l\u00fc ve yaral\u0131 d\u00fc\u015f\u00fcr\u00fcl\u00fcrken g\u00fcvenli b\u00f6lgelere s\u0131zma giri\u015fimleri \u00e7\u00f6kertildi su\u00e7 edatlar\u0131 da etkisiz hale getirildi.<\/p>\n<p><span style=\"color: #0000ff\">\u015eam K\u0131rsal\u0131nda Afgan Ter\u00f6ristler \u00d6ld\u00fcr\u00fcld\u00fc<\/span><\/p>\n<p>Askeri kaynak SANA muhabirine a\u00e7\u0131klamas\u0131nda ordu birliklerimizin \u015eam k\u0131rsal\u0131 Berada Vadisi b\u00f6lgesinin Bseyma Beldesinde ter\u00f6ristleri hedef al\u0131rken aralar\u0131nda Afganistanl\u0131 \u2018Ebu Haftar el Afgani\u2019 kod adl\u0131 az\u0131l\u0131 ter\u00f6ristin yan\u0131 s\u0131ra Halit Abdullah el Haeyyan adl\u0131 Kuveytli az\u0131l\u0131 ter\u00f6ristin bulundu\u011fu 33 ter\u00f6risti \u00f6l\u00fc olarak ele ge\u00e7irdiklerini belirtti. Kaynak operasyonda ayr\u0131ca ter\u00f6rist ve cephane ta\u015f\u0131yan a\u011f\u0131r makineli silahla donat\u0131lm\u0131\u015f bir arac\u0131n imha edildi\u011fini aktard\u0131.<\/p>\n<p>Zebadani B\u00f6lgesinin Hureyra Da\u011flar\u0131nda ise ordu birliklerimiz aralar\u0131nda tan\u0131nm\u0131\u015f az\u0131l\u0131 katillerin bulundu\u011fu \u00e7ok say\u0131da ter\u00f6risti etkisiz hale getirdi.<\/p>\n<p><a href=\"http:\/\/www.sana.sy\/tr\/wp-content\/uploads\/2014\/08\/1.jpg\"><img loading=\"lazy\" decoding=\"async\" class=\"alignright wp-image-7235 size-medium\" src=\"http:\/\/www.sana.sy\/tr\/wp-content\/uploads\/2014\/08\/1-300x159.jpg\" alt=\"1\" width=\"300\" height=\"159\" srcset=\"https:\/\/archive.sana.sy\/tr\/wp-content\/uploads\/2014\/08\/1-300x160.jpg 300w, https:\/\/archive.sana.sy\/tr\/wp-content\/uploads\/2014\/08\/1-150x79.jpg 150w, https:\/\/archive.sana.sy\/tr\/wp-content\/uploads\/2014\/08\/1.jpg 620w\" sizes=\"auto, (max-width: 300px) 100vw, 300px\" \/><\/a>Ordu birliklerimiz Do\u011fu \u011euta\u2019n\u0131n Mleyha Cephesinde g\u00fcney ve do\u011fu eksenlerinden ter\u00f6ristlerle s\u0131cak temasa girerek bir\u00e7o\u011funu silahlar\u0131yla birlikte etkisiz hale getirirlerken; Ayn Terma Vadisinde 14 ter\u00f6risti ara\u00e7 ve silahlar\u0131yla etkisiz olarak ele ge\u00e7irdi. Hacer el Esved Beldesinde ise ordu birliklerimiz aralar\u0131nda Tunuslular\u0131n bulundu\u011fu bir\u00e7ok ter\u00f6risti yine silahlar\u0131yla birlikte etkisiz hale getirdi.<\/p>\n<p>Haresta\u2019da ter\u00f6ristleri kovalamaya devam eden ordu birliklerimiz silah ve m\u00fchimmat ta\u015f\u0131yan iki ara\u00e7lar\u0131n\u0131 y\u00fckleriyle birlikte imha etti.<br \/>\nDuma B\u00f6lgesinin Aliye \u00c7iftlikleri ve Covbar b\u00f6lgelerinde yap\u0131lan operasyonlarda aralar\u0131nda tan\u0131nm\u0131\u015f az\u0131l\u0131 katillerin bulundu\u011fu bir\u00e7ok ter\u00f6rist \u00f6l\u00fc yaral\u0131 d\u00fc\u015f\u00fcr\u00fcld\u00fc.<\/p>\n<p>Askeri kaynak ordu birliklerimizin \u015eam k\u0131rsal\u0131n\u0131n Han el \u015eih B\u00f6lgesinde bir\u00e7ok k\u00fcmelenme yerlerine ilaveten K\u00fcsva\u2019da Zakiye ve Makbara b\u00f6lgelerinde ter\u00f6r yuvalar\u0131 ve k\u00fcmelenme yerlerini hedef ald\u0131klar\u0131n\u0131 belirtti.<\/p>\n<p>Kaynak operasyonlarda \u00e7ok say\u0131da ter\u00f6ristin ara\u00e7 ve cephanelikleriyle birlikte etkisiz hale getirildiklerini s\u00f6yledi.<\/p>\n<div style=\"width: 618px;\" class=\"wp-video\"><!--[if lt IE 9]><script>document.createElement('video');<\/script><![endif]-->\n<video class=\"wp-video-shortcode\" id=\"video-7175-1\" width=\"618\" height=\"348\" preload=\"metadata\" controls=\"controls\"><source type=\"video\/x-flv\" src=\"http:\/\/www.sana.sy\/tr\/wp-content\/uploads\/2014\/08\/\u062e\u0628\u0631-\u0627\u0644\u0645\u0644\u064a\u062d\u0629-_new.flv?_=1\" \/><a href=\"http:\/\/www.sana.sy\/tr\/wp-content\/uploads\/2014\/08\/\u062e\u0628\u0631-\u0627\u0644\u0645\u0644\u064a\u062d\u0629-_new.flv\">http:\/\/www.sana.sy\/tr\/wp-content\/uploads\/2014\/08\/\u062e\u0628\u0631-\u0627\u0644\u0645\u0644\u064a\u062d\u0629-_new.flv<\/a><\/video><\/div>\n<p><span style=\"color: #0000ff\">\u0130dlib K\u0131rsal\u0131nda Ter\u00f6ristlerin S\u0131zma Giri\u015fimleri \u00c7\u00f6kertildi<\/span><\/p>\n<p>Askeri kaynak SANA\u2019ya a\u00e7\u0131klamas\u0131nda, ordu birliklerimizin \u0130dlib k\u0131rsal\u0131 Maarrat el Numan yak\u0131nlar\u0131ndaki Vadi el Dayf ve Ayn Kuraya y\u00f6n\u00fcne s\u0131zma giri\u015fimlerini \u00e7\u00f6kerttiklerini bu eylemde \u00e7ok say\u0131da ter\u00f6ristin \u00f6l\u00fc ve yaral\u0131 d\u00fc\u015f\u00fcr\u00fcld\u00fc\u011f\u00fcn\u00fc s\u00f6yledi.<\/p>\n<p>\u0130dlib k\u0131rsal\u0131n\u0131n \u015eaflah, Tel Diynit, Kefar Haya, Rama, Tel Selmo, Deyr S\u00fcmb\u00fcl, Maarat Harma ve Hzarin b\u00f6lgelerinde ter\u00f6ristlerin yuva ve karargahlar\u0131n\u0131 hedef alan ordu birliklerimiz aralar\u0131nda yabanc\u0131lar\u0131n bulundu\u011fu onlarca ter\u00f6risti su\u00e7 ara\u00e7lar\u0131yla birlikte etkisiz hale getirdi.<\/p>\n<p><span style=\"color: #0000ff\">Halep ve K\u0131rsal\u0131nda \u00c7ok Say\u0131da Ter\u00f6rist \u00d6ld\u00fcr\u00fcld\u00fc Ara\u00e7lar\u0131 \u0130mha Edildi<\/span><\/p>\n<p><a href=\"http:\/\/www.sana.sy\/tr\/wp-content\/uploads\/2014\/08\/ter\u00f6ristler-halepte.jpg\"><img loading=\"lazy\" decoding=\"async\" class=\"alignright wp-image-7253 size-medium\" src=\"http:\/\/www.sana.sy\/tr\/wp-content\/uploads\/2014\/08\/ter\u00f6ristler-halepte-300x159.jpg\" alt=\"ter\u00f6ristler halep'te\" width=\"300\" height=\"159\" srcset=\"https:\/\/archive.sana.sy\/tr\/wp-content\/uploads\/2014\/08\/ter\u00f6ristler-halepte-300x160.jpg 300w, https:\/\/archive.sana.sy\/tr\/wp-content\/uploads\/2014\/08\/ter\u00f6ristler-halepte-150x79.jpg 150w, https:\/\/archive.sana.sy\/tr\/wp-content\/uploads\/2014\/08\/ter\u00f6ristler-halepte.jpg 620w\" sizes=\"auto, (max-width: 300px) 100vw, 300px\" \/><\/a>Ordu birliklerimiz Halep ve k\u0131rsal\u0131n\u0131n muhtelif b\u00f6lgelerinde ter\u00f6ristlerin toplanma yerleri ve h\u00fccrelerini hedef ald\u0131.<\/p>\n<p>Askeri kaynak birliklerimizin, haydariye, Fafin, Mena\u015fir, Sfeyra\u2019n\u0131n do\u011fusu, Balat, Abla, Hanaser, Kefar Kar, Salahuddin, Amiriye, el Bab, Tadef ve Termal Santralin kuzeyindeki Teyba\u2019da \u00e7ok say\u0131da ter\u00f6risti \u00f6l\u00fc ve yaral\u0131 d\u00fc\u015f\u00fcrd\u00fcklerini s\u00f6yledi.<\/p>\n<p>Kaynak, ordu birliklerimizin, \u015eeyh Saad B\u00f6lgesinin do\u011fusunda 10\u2019dan fazla ter\u00f6risti \u00f6ld\u00fcrd\u00fcklerini, el Bab ve Han el Asel\u2019de ter\u00f6ristlere ait bir ka\u00e7 arac\u0131 imha ettiklerini ifade etti.<\/p>\n<p><span style=\"color: #0000ff\">Homs\u2019ta Ter\u00f6ristlerin S\u0131zma Giri\u015fimleri \u00c7\u00f6kertildi<\/span><\/p>\n<p>Kahraman ordu birliklerimiz ter\u00f6ristlerin Homs el Harap K\u00f6pr\u00fcs\u00fc taraf\u0131ndan el Vaar \u00e7iftliklerine y\u00f6nelik s\u0131zma giri\u015fimlerini \u00e7\u00f6kerterek saflar\u0131nda bir \u00e7ok ter\u00f6risti \u00f6l\u00fc ve yaral\u0131 d\u00fc\u015f\u00fcrd\u00fc.<\/p>\n<p>Askeri kaynak ordu birliklerimizin Homs k\u0131rsal\u0131 Arsal da\u011flar\u0131, Tuveyne, Hasye\u2019nin g\u00fcneybat\u0131s\u0131ndaki Samarmar Vadisi, Ayn H\u00fcseyin ve Telbise ile Homs el Vaar Semtinde ter\u00f6ristlerin toplanma yerlerini hedef ald\u0131\u011f\u0131n\u0131 \u00e7ok say\u0131da ter\u00f6risti \u00f6l\u00fc ve yaral\u0131 d\u00fc\u015f\u00fcrd\u00fcklerini s\u00f6yledi.<\/p>\n<p>Kaynak, ordu birliklerimizin Tedmur k\u0131rsal\u0131 Syriatel istasyonunun kuzeydo\u011fusundaki el \u015eaer Da\u011f\u0131nda i\u00e7indeki ter\u00f6ristlerle birlikte bir arac\u0131n imha edildi\u011fini belirtti.<\/p>\n<p><span style=\"color: #0000ff\">Dera\u2019da \u00e7ok Say\u0131da Ter\u00f6rist \u00d6ld\u00fcr\u00fcld\u00fc<\/span><\/p>\n<p>Askeri kaynak, ordu birliklerimizin Dera k\u0131rsal\u0131 Atman Beldesinin bat\u0131s\u0131 ile bat\u0131 yolunda, el Hirak, Anhel ve S\u00fcreyya kav\u015fa\u011f\u0131nda, Yaduda \u2013 Dera Yolu, Neva ve Hurbat el Cailiye\u2019de ter\u00f6ristlerin toplanma yerlerini hedef almas\u0131 sonucunda \u00e7ok say\u0131da ter\u00f6risti \u00f6l\u00fc ve yaral\u0131 d\u00fc\u015f\u00fcrd\u00fc\u011f\u00fcn\u00fc s\u00f6yledi.<\/p>\n<p>Kaynak, ter\u00f6ristlerin kulland\u0131klar\u0131 Naime\u2019de bir ka\u00e7 ara\u00e7 ile Do\u011fu Gariye\u2019den Hirak \u2013 Sabbura y\u00f6n\u00fcne do\u011fru hareket eden \u00e7ok say\u0131da arac\u0131 i\u00e7indeki ter\u00f6ristlerle birlikte etkisiz hale getirdiklerini ifade etti.<\/p>\n<p><span style=\"color: #0000ff\">Kunaytra K\u0131rsal\u0131nda Ter\u00f6ristlerin Toplanma Yerleri hedef Al\u0131nd\u0131<\/span><\/p>\n<p>Askeri kaynak, ordu birliklerimizin Kunaytra k\u0131rsal\u0131 Bureyka\u2019da ter\u00f6ristlerin toplanma yerlerini hedef ald\u0131klar\u0131n\u0131 \u00e7ok say\u0131da ter\u00f6risti \u00f6l\u00fc ve yaral\u0131 d\u00fc\u015f\u00fcrd\u00fcklerini s\u00f6yledi.<\/p>\n<p><span style=\"color: #0000ff\">Lazkiye K\u0131rsal\u0131nda A\u011f\u0131r Silahl\u0131 Ara\u00e7lar\u0131yla Yok Edildiler<\/span><\/p>\n<p>Askeri kaynak ordu birliklerimizin Lazkiye k\u0131rsal\u0131n\u0131n kuzeyinde Z\u011faro K\u00f6y\u00fcne s\u0131zmaya \u00e7al\u0131\u015fan ter\u00f6ristlere kar\u015f\u0131 koyarak onlar\u0131 a\u011f\u0131r kay\u0131plara u\u011fratt\u0131klar\u0131n\u0131 s\u00f6yledi.<\/p>\n<p>Kaynak operasyonda aralar\u0131nda s\u0131zmaya \u00e7al\u0131\u015fan ter\u00f6ristlerin s\u00f6zde komutan\u0131 olan Mahmut Kerfaki\u2019nin bulundu\u011fu \u00e7ok say\u0131da ter\u00f6ristin su\u00e7 edatlar\u0131 ve ara\u00e7lar\u0131yla etkisiz hale getirildiklerini belirtti.<\/p>\n<p>Ordu birliklerimizin yine Lazkiye k\u0131rsal\u0131nda I\u011fmam, Zahiye Da\u011f\u0131, Ayn el Cavza, Mueytma, Dorin ve \u015emeysa b\u00f6lgelerinde Nusra Cephesinin k\u00fcmelenme yerleri ve karargahlar\u0131n\u0131 muhtevalar\u0131yla tahrip ettiklerini belirten kaynak; operasyonlarda aralar\u0131nda yabanc\u0131lar\u0131n bulundu\u011fu onlarca ter\u00f6ristin \u00f6ld\u00fcr\u00fcld\u00fc\u011f\u00fcn\u00fc aktard\u0131. Kaynak operasyonlarda ayr\u0131ca ter\u00f6ristlere ait olan ve a\u011f\u0131r makineli silahlarla donat\u0131lm\u0131\u015f \u00e7ok say\u0131da arac\u0131n da imha edildi\u011fini s\u00f6yledi.<\/p>\n<p style=\"text-align: center\"><span style=\"color: #0000ff\"><strong>MLEYHA<\/strong><\/span><\/p>\n<p style=\"text-align: center\"><a href=\"http:\/\/www.sana.sy\/tr\/wp-content\/uploads\/2014\/08\/20.jpg\"><img loading=\"lazy\" decoding=\"async\" class=\"alignnone size-medium wp-image-7246\" src=\"http:\/\/www.sana.sy\/tr\/wp-content\/uploads\/2014\/08\/20-300x159.jpg\" alt=\"20\" width=\"300\" height=\"159\" srcset=\"https:\/\/archive.sana.sy\/tr\/wp-content\/uploads\/2014\/08\/20-300x160.jpg 300w, https:\/\/archive.sana.sy\/tr\/wp-content\/uploads\/2014\/08\/20-150x79.jpg 150w, https:\/\/archive.sana.sy\/tr\/wp-content\/uploads\/2014\/08\/20.jpg 620w\" sizes=\"auto, (max-width: 300px) 100vw, 300px\" \/><\/a> <a href=\"http:\/\/www.sana.sy\/tr\/wp-content\/uploads\/2014\/08\/19.jpg\"><img loading=\"lazy\" decoding=\"async\" class=\"alignnone size-medium wp-image-7245\" src=\"http:\/\/www.sana.sy\/tr\/wp-content\/uploads\/2014\/08\/19-300x159.jpg\" alt=\"19\" width=\"300\" height=\"159\" srcset=\"https:\/\/archive.sana.sy\/tr\/wp-content\/uploads\/2014\/08\/19-300x160.jpg 300w, https:\/\/archive.sana.sy\/tr\/wp-content\/uploads\/2014\/08\/19-150x79.jpg 150w, https:\/\/archive.sana.sy\/tr\/wp-content\/uploads\/2014\/08\/19.jpg 620w\" sizes=\"auto, (max-width: 300px) 100vw, 300px\" \/><\/a> <a href=\"http:\/\/www.sana.sy\/tr\/wp-content\/uploads\/2014\/08\/10.jpg\"><img loading=\"lazy\" decoding=\"async\" class=\"alignnone size-medium wp-image-7244\" src=\"http:\/\/www.sana.sy\/tr\/wp-content\/uploads\/2014\/08\/10-300x159.jpg\" alt=\"10\" width=\"300\" height=\"159\" srcset=\"https:\/\/archive.sana.sy\/tr\/wp-content\/uploads\/2014\/08\/10-300x160.jpg 300w, https:\/\/archive.sana.sy\/tr\/wp-content\/uploads\/2014\/08\/10-150x79.jpg 150w, https:\/\/archive.sana.sy\/tr\/wp-content\/uploads\/2014\/08\/10.jpg 620w\" sizes=\"auto, (max-width: 300px) 100vw, 300px\" \/><\/a> <a href=\"http:\/\/www.sana.sy\/tr\/wp-content\/uploads\/2014\/08\/9.jpg\"><img loading=\"lazy\" decoding=\"async\" class=\"alignnone size-medium wp-image-7243\" src=\"http:\/\/www.sana.sy\/tr\/wp-content\/uploads\/2014\/08\/9-300x159.jpg\" alt=\"9\" width=\"300\" height=\"159\" srcset=\"https:\/\/archive.sana.sy\/tr\/wp-content\/uploads\/2014\/08\/9-300x160.jpg 300w, https:\/\/archive.sana.sy\/tr\/wp-content\/uploads\/2014\/08\/9-150x79.jpg 150w, https:\/\/archive.sana.sy\/tr\/wp-content\/uploads\/2014\/08\/9.jpg 620w\" sizes=\"auto, (max-width: 300px) 100vw, 300px\" \/><\/a> <a href=\"http:\/\/www.sana.sy\/tr\/wp-content\/uploads\/2014\/08\/8.jpg\"><img loading=\"lazy\" decoding=\"async\" class=\"alignnone size-medium wp-image-7242\" src=\"http:\/\/www.sana.sy\/tr\/wp-content\/uploads\/2014\/08\/8-300x159.jpg\" alt=\"8\" width=\"300\" height=\"159\" srcset=\"https:\/\/archive.sana.sy\/tr\/wp-content\/uploads\/2014\/08\/8-300x160.jpg 300w, https:\/\/archive.sana.sy\/tr\/wp-content\/uploads\/2014\/08\/8-150x79.jpg 150w, https:\/\/archive.sana.sy\/tr\/wp-content\/uploads\/2014\/08\/8.jpg 620w\" sizes=\"auto, (max-width: 300px) 100vw, 300px\" \/><\/a> <a href=\"http:\/\/www.sana.sy\/tr\/wp-content\/uploads\/2014\/08\/7.jpg\"><img loading=\"lazy\" decoding=\"async\" class=\"alignnone size-medium wp-image-7241\" src=\"http:\/\/www.sana.sy\/tr\/wp-content\/uploads\/2014\/08\/7-300x159.jpg\" alt=\"7\" width=\"300\" height=\"159\" srcset=\"https:\/\/archive.sana.sy\/tr\/wp-content\/uploads\/2014\/08\/7-300x160.jpg 300w, https:\/\/archive.sana.sy\/tr\/wp-content\/uploads\/2014\/08\/7-150x79.jpg 150w, https:\/\/archive.sana.sy\/tr\/wp-content\/uploads\/2014\/08\/7.jpg 620w\" sizes=\"auto, (max-width: 300px) 100vw, 300px\" \/><\/a> <a href=\"http:\/\/www.sana.sy\/tr\/wp-content\/uploads\/2014\/08\/6.jpg\"><img loading=\"lazy\" decoding=\"async\" class=\"alignnone size-medium wp-image-7240\" src=\"http:\/\/www.sana.sy\/tr\/wp-content\/uploads\/2014\/08\/6-300x159.jpg\" alt=\"6\" width=\"300\" height=\"159\" srcset=\"https:\/\/archive.sana.sy\/tr\/wp-content\/uploads\/2014\/08\/6-300x160.jpg 300w, https:\/\/archive.sana.sy\/tr\/wp-content\/uploads\/2014\/08\/6-150x79.jpg 150w, https:\/\/archive.sana.sy\/tr\/wp-content\/uploads\/2014\/08\/6.jpg 620w\" sizes=\"auto, (max-width: 300px) 100vw, 300px\" \/><\/a> <a href=\"http:\/\/www.sana.sy\/tr\/wp-content\/uploads\/2014\/08\/5.jpg\"><img loading=\"lazy\" decoding=\"async\" class=\"alignnone size-medium wp-image-7239\" src=\"http:\/\/www.sana.sy\/tr\/wp-content\/uploads\/2014\/08\/5-300x159.jpg\" alt=\"5\" width=\"300\" height=\"159\" srcset=\"https:\/\/archive.sana.sy\/tr\/wp-content\/uploads\/2014\/08\/5-300x160.jpg 300w, https:\/\/archive.sana.sy\/tr\/wp-content\/uploads\/2014\/08\/5-150x79.jpg 150w, https:\/\/archive.sana.sy\/tr\/wp-content\/uploads\/2014\/08\/5.jpg 620w\" sizes=\"auto, (max-width: 300px) 100vw, 300px\" \/><\/a> <a href=\"http:\/\/www.sana.sy\/tr\/wp-content\/uploads\/2014\/08\/4.jpg\"><img loading=\"lazy\" decoding=\"async\" class=\"alignnone size-medium wp-image-7238\" src=\"http:\/\/www.sana.sy\/tr\/wp-content\/uploads\/2014\/08\/4-300x159.jpg\" alt=\"4\" width=\"300\" height=\"159\" srcset=\"https:\/\/archive.sana.sy\/tr\/wp-content\/uploads\/2014\/08\/4-300x160.jpg 300w, https:\/\/archive.sana.sy\/tr\/wp-content\/uploads\/2014\/08\/4-150x79.jpg 150w, https:\/\/archive.sana.sy\/tr\/wp-content\/uploads\/2014\/08\/4.jpg 620w\" sizes=\"auto, (max-width: 300px) 100vw, 300px\" \/><\/a> <a href=\"http:\/\/www.sana.sy\/tr\/wp-content\/uploads\/2014\/08\/3.jpg\"><img loading=\"lazy\" decoding=\"async\" class=\"alignnone size-medium wp-image-7237\" src=\"http:\/\/www.sana.sy\/tr\/wp-content\/uploads\/2014\/08\/3-300x159.jpg\" alt=\"3\" width=\"300\" height=\"159\" srcset=\"https:\/\/archive.sana.sy\/tr\/wp-content\/uploads\/2014\/08\/3-300x160.jpg 300w, https:\/\/archive.sana.sy\/tr\/wp-content\/uploads\/2014\/08\/3-150x79.jpg 150w, https:\/\/archive.sana.sy\/tr\/wp-content\/uploads\/2014\/08\/3.jpg 620w\" sizes=\"auto, (max-width: 300px) 100vw, 300px\" \/><\/a> <a href=\"http:\/\/www.sana.sy\/tr\/wp-content\/uploads\/2014\/08\/2.jpg\"><img loading=\"lazy\" decoding=\"async\" class=\"alignnone size-medium wp-image-7236\" src=\"http:\/\/www.sana.sy\/tr\/wp-content\/uploads\/2014\/08\/2-300x159.jpg\" alt=\"2\" width=\"300\" height=\"159\" srcset=\"https:\/\/archive.sana.sy\/tr\/wp-content\/uploads\/2014\/08\/2-300x160.jpg 300w, https:\/\/archive.sana.sy\/tr\/wp-content\/uploads\/2014\/08\/2-150x79.jpg 150w, https:\/\/archive.sana.sy\/tr\/wp-content\/uploads\/2014\/08\/2.jpg 620w\" sizes=\"auto, (max-width: 300px) 100vw, 300px\" \/><\/a> <a href=\"http:\/\/www.sana.sy\/tr\/wp-content\/uploads\/2014\/08\/1.jpg\"><img loading=\"lazy\" decoding=\"async\" class=\"alignnone size-medium wp-image-7235\" src=\"http:\/\/www.sana.sy\/tr\/wp-content\/uploads\/2014\/08\/1-300x159.jpg\" alt=\"1\" width=\"300\" height=\"159\" srcset=\"https:\/\/archive.sana.sy\/tr\/wp-content\/uploads\/2014\/08\/1-300x160.jpg 300w, https:\/\/archive.sana.sy\/tr\/wp-content\/uploads\/2014\/08\/1-150x79.jpg 150w, https:\/\/archive.sana.sy\/tr\/wp-content\/uploads\/2014\/08\/1.jpg 620w\" sizes=\"auto, (max-width: 300px) 100vw, 300px\" \/><\/a><\/p>\n<p style=\"text-align: center\"><span style=\"color: #0000ff\"><strong>Birliklerimizce \u00d6ld\u00fcr\u00fclen Ter\u00f6ristler<\/strong><\/span><\/p>\n<p style=\"text-align: center\"><a href=\"http:\/\/www.sana.sy\/tr\/wp-content\/uploads\/2014\/08\/ter\u00f6risler-5.jpg\"><img loading=\"lazy\" decoding=\"async\" class=\"alignnone size-medium wp-image-7247\" src=\"http:\/\/www.sana.sy\/tr\/wp-content\/uploads\/2014\/08\/ter\u00f6risler-5-300x159.jpg\" alt=\"ter\u00f6risler 5\" width=\"300\" height=\"159\" srcset=\"https:\/\/archive.sana.sy\/tr\/wp-content\/uploads\/2014\/08\/ter\u00f6risler-5-300x160.jpg 300w, https:\/\/archive.sana.sy\/tr\/wp-content\/uploads\/2014\/08\/ter\u00f6risler-5-150x79.jpg 150w, https:\/\/archive.sana.sy\/tr\/wp-content\/uploads\/2014\/08\/ter\u00f6risler-5.jpg 620w\" sizes=\"auto, (max-width: 300px) 100vw, 300px\" \/><\/a> <a href=\"http:\/\/www.sana.sy\/tr\/wp-content\/uploads\/2014\/08\/ter\u00f6ristler-1.jpg\"><img loading=\"lazy\" decoding=\"async\" class=\"alignnone size-medium wp-image-7248\" src=\"http:\/\/www.sana.sy\/tr\/wp-content\/uploads\/2014\/08\/ter\u00f6ristler-1-300x159.jpg\" alt=\"ter\u00f6ristler 1\" width=\"300\" height=\"159\" srcset=\"https:\/\/archive.sana.sy\/tr\/wp-content\/uploads\/2014\/08\/ter\u00f6ristler-1-300x160.jpg 300w, https:\/\/archive.sana.sy\/tr\/wp-content\/uploads\/2014\/08\/ter\u00f6ristler-1-150x79.jpg 150w, https:\/\/archive.sana.sy\/tr\/wp-content\/uploads\/2014\/08\/ter\u00f6ristler-1.jpg 620w\" sizes=\"auto, (max-width: 300px) 100vw, 300px\" \/><\/a> <a href=\"http:\/\/www.sana.sy\/tr\/wp-content\/uploads\/2014\/08\/ter\u00f6ristler-2.jpg\"><img loading=\"lazy\" decoding=\"async\" class=\"alignnone size-medium wp-image-7249\" src=\"http:\/\/www.sana.sy\/tr\/wp-content\/uploads\/2014\/08\/ter\u00f6ristler-2-300x159.jpg\" alt=\"ter\u00f6ristler 2\" width=\"300\" height=\"159\" srcset=\"https:\/\/archive.sana.sy\/tr\/wp-content\/uploads\/2014\/08\/ter\u00f6ristler-2-300x160.jpg 300w, https:\/\/archive.sana.sy\/tr\/wp-content\/uploads\/2014\/08\/ter\u00f6ristler-2-150x79.jpg 150w, https:\/\/archive.sana.sy\/tr\/wp-content\/uploads\/2014\/08\/ter\u00f6ristler-2.jpg 620w\" sizes=\"auto, (max-width: 300px) 100vw, 300px\" \/><\/a> <a href=\"http:\/\/www.sana.sy\/tr\/wp-content\/uploads\/2014\/08\/ter\u00f6ristler-3.jpg\"><img loading=\"lazy\" decoding=\"async\" class=\"alignnone size-medium wp-image-7250\" src=\"http:\/\/www.sana.sy\/tr\/wp-content\/uploads\/2014\/08\/ter\u00f6ristler-3-300x159.jpg\" alt=\"ter\u00f6ristler 3\" width=\"300\" height=\"159\" srcset=\"https:\/\/archive.sana.sy\/tr\/wp-content\/uploads\/2014\/08\/ter\u00f6ristler-3-300x160.jpg 300w, https:\/\/archive.sana.sy\/tr\/wp-content\/uploads\/2014\/08\/ter\u00f6ristler-3-150x79.jpg 150w, https:\/\/archive.sana.sy\/tr\/wp-content\/uploads\/2014\/08\/ter\u00f6ristler-3.jpg 620w\" sizes=\"auto, (max-width: 300px) 100vw, 300px\" \/><\/a> <a href=\"http:\/\/www.sana.sy\/tr\/wp-content\/uploads\/2014\/08\/ter\u00f6ristler-6.jpg\"><img loading=\"lazy\" decoding=\"async\" class=\"alignnone size-medium wp-image-7251\" src=\"http:\/\/www.sana.sy\/tr\/wp-content\/uploads\/2014\/08\/ter\u00f6ristler-6-300x159.jpg\" alt=\"ter\u00f6ristler 6\" width=\"300\" height=\"159\" srcset=\"https:\/\/archive.sana.sy\/tr\/wp-content\/uploads\/2014\/08\/ter\u00f6ristler-6-300x160.jpg 300w, https:\/\/archive.sana.sy\/tr\/wp-content\/uploads\/2014\/08\/ter\u00f6ristler-6-150x79.jpg 150w, https:\/\/archive.sana.sy\/tr\/wp-content\/uploads\/2014\/08\/ter\u00f6ristler-6.jpg 620w\" sizes=\"auto, (max-width: 300px) 100vw, 300px\" \/><\/a> <a href=\"http:\/\/www.sana.sy\/tr\/wp-content\/uploads\/2014\/08\/ter\u00f6ristler-7.jpg\"><img loading=\"lazy\" decoding=\"async\" class=\"alignnone size-medium wp-image-7252\" src=\"http:\/\/www.sana.sy\/tr\/wp-content\/uploads\/2014\/08\/ter\u00f6ristler-7-300x159.jpg\" alt=\"ter\u00f6ristler 7\" width=\"300\" height=\"159\" srcset=\"https:\/\/archive.sana.sy\/tr\/wp-content\/uploads\/2014\/08\/ter\u00f6ristler-7-300x160.jpg 300w, https:\/\/archive.sana.sy\/tr\/wp-content\/uploads\/2014\/08\/ter\u00f6ristler-7-150x79.jpg 150w, https:\/\/archive.sana.sy\/tr\/wp-content\/uploads\/2014\/08\/ter\u00f6ristler-7.jpg 620w\" sizes=\"auto, (max-width: 300px) 100vw, 300px\" \/><\/a> <a href=\"http:\/\/www.sana.sy\/tr\/wp-content\/uploads\/2014\/08\/tr\u00f6ristler-4.jpg\"><img loading=\"lazy\" decoding=\"async\" class=\"alignnone size-medium wp-image-7254\" src=\"http:\/\/www.sana.sy\/tr\/wp-content\/uploads\/2014\/08\/tr\u00f6ristler-4-300x159.jpg\" alt=\"tr\u00f6ristler 4\" width=\"300\" height=\"159\" srcset=\"https:\/\/archive.sana.sy\/tr\/wp-content\/uploads\/2014\/08\/tr\u00f6ristler-4-300x160.jpg 300w, https:\/\/archive.sana.sy\/tr\/wp-content\/uploads\/2014\/08\/tr\u00f6ristler-4-150x79.jpg 150w, https:\/\/archive.sana.sy\/tr\/wp-content\/uploads\/2014\/08\/tr\u00f6ristler-4.jpg 620w\" sizes=\"auto, (max-width: 300px) 100vw, 300px\" \/><\/a><\/p>\n","protected":false},"excerpt":{"rendered":"<p>\u0130LLER \u2013 Kahraman Ordu Birliklerimizin Kiral\u0131k ter\u00f6ristlere y\u00f6nelik ba\u015far\u0131l\u0131 operasyonlar\u0131 ba\u015far\u0131larla s\u00fcr\u00fcyor. Operasyonlarda \u00e7ok say\u0131da ter\u00f6rist \u00f6l\u00fc ve yaral\u0131 d\u00fc\u015f\u00fcr\u00fcl\u00fcrken g\u00fcvenli b\u00f6lgelere s\u0131zma giri\u015fimleri \u00e7\u00f6kertildi su\u00e7 edatlar\u0131 da etkisiz hale getirildi. \u015eam K\u0131rsal\u0131nda Afgan Ter\u00f6ristler \u00d6ld\u00fcr\u00fcld\u00fc Askeri kaynak SANA muhabirine a\u00e7\u0131klamas\u0131nda ordu birliklerimizin \u015eam k\u0131rsal\u0131 Berada Vadisi b\u00f6lgesinin Bseyma Beldesinde ter\u00f6ristleri hedef al\u0131rken aralar\u0131nda Afganistanl\u0131 &hellip;<\/p>\n","protected":false},"author":1,"featured_media":7165,"comment_status":"closed","ping_status":"closed","sticky":false,"template":"","format":"standard","meta":{"footnotes":""},"categories":[575],"tags":[1603],"class_list":["post-7175","post","type-post","status-publish","format-standard","has-post-thumbnail","","category-olaylar-ve-gercekler","tag-ordunun-basarili-operasyonlari-muhtelif-bolgelerde-suruyor"],"_links":{"self":[{"href":"https:\/\/archive.sana.sy\/tr\/index.php?rest_route=\/wp\/v2\/posts\/7175","targetHints":{"allow":["GET"]}}],"collection":[{"href":"https:\/\/archive.sana.sy\/tr\/index.php?rest_route=\/wp\/v2\/posts"}],"about":[{"href":"https:\/\/archive.sana.sy\/tr\/index.php?rest_route=\/wp\/v2\/types\/post"}],"author":[{"embeddable":true,"href":"https:\/\/archive.sana.sy\/tr\/index.php?rest_route=\/wp\/v2\/users\/1"}],"replies":[{"embeddable":true,"href":"https:\/\/archive.sana.sy\/tr\/index.php?rest_route=%2Fwp%2Fv2%2Fcomments&post=7175"}],"version-history":[{"count":0,"href":"https:\/\/archive.sana.sy\/tr\/index.php?rest_route=\/wp\/v2\/posts\/7175\/revisions"}],"wp:featuredmedia":[{"embeddable":true,"href":"https:\/\/archive.sana.sy\/tr\/index.php?rest_route=\/wp\/v2\/media\/7165"}],"wp:attachment":[{"href":"https:\/\/archive.sana.sy\/tr\/index.php?rest_route=%2Fwp%2Fv2%2Fmedia&parent=7175"}],"wp:term":[{"taxonomy":"category","embeddable":true,"href":"https:\/\/archive.sana.sy\/tr\/index.php?rest_route=%2Fwp%2Fv2%2Fcategories&post=7175"},{"taxonomy":"post_tag","embeddable":true,"href":"https:\/\/archive.sana.sy\/tr\/index.php?rest_route=%2Fwp%2Fv2%2Ftags&post=7175"}],"curies":[{"name":"wp","href":"https:\/\/api.w.org\/{rel}","templated":true}]}}