{"id":7178,"date":"2014-08-13T14:30:31","date_gmt":"2014-08-13T11:30:31","guid":{"rendered":"http:\/\/www.sana.sy\/tr\/?p=7178"},"modified":"2014-08-13T17:04:46","modified_gmt":"2014-08-13T14:04:46","slug":"halk-teroristlerin-sabote-ettikleri-kultur-merkezini-onardi","status":"publish","type":"post","link":"https:\/\/archive.sana.sy\/tr\/?p=7178","title":{"rendered":"Halk, Ter\u00f6ristlerin Sabote Ettikleri K\u00fclt\u00fcr Merkezini Onard\u0131"},"content":{"rendered":"<p>\u015eAM KIRSALI \u2013 \u015eam k\u0131rsal\u0131 Nebik Kenti ahalisi; hain ve tekfirci ter\u00f6r \u00e7etelerinin kentlerinde daha \u00f6nce sabote ettikleri K\u00fclt\u00fcr Merekzini onarma \u00e7al\u0131\u015fmalar\u0131n\u0131 bitirdi.<\/p>\n<p>Merkez M\u00fcd\u00fcr\u00fc Rihab \u011eac\u011fuc SANA\u2019ya a\u00e7\u0131klamas\u0131nda; ter\u00f6ristlerin merkezi i\u00e7erden tamamen sabote ettiklerini, \u00e7ald\u0131klar\u0131 e\u015fyalar\u0131n haricinde merkezde kalan her \u015feyi yak\u0131p k\u0131rd\u0131klar\u0131n\u0131 s\u00f6yledi. \u011eac\u011fuc kent ahalisinin yeniden hizmete girmesine \u00f6zenleriyle merkezi yeniden onar\u0131p restore ettiklerini ifade etti.<\/p>\n<p>Ter\u00f6ristlerin merkezi tamamen sabote etmeleri nedeniyle onar\u0131m \u00e7al\u0131\u015fmalar\u0131n\u0131n aylar ald\u0131\u011f\u0131na dikkat \u00e7eken \u011eac\u011fuc; onar\u0131m \u00e7al\u0131\u015fmalar\u0131n\u0131n tamam\u0131yla g\u00f6n\u00fcll\u00fc olarak kent ahalisi taraf\u0131ndan yap\u0131ld\u0131\u011f\u0131n\u0131 belirtti.<\/p>\n<p><a href=\"http:\/\/www.sana.sy\/tr\/wp-content\/uploads\/2014\/08\/\u062b\u0642\u0627\u0641\u064a-\u0627\u0644\u0646\u0628\u0643-1.jpg\"><img loading=\"lazy\" decoding=\"async\" class=\"alignleft wp-image-7209 size-medium\" src=\"http:\/\/www.sana.sy\/tr\/wp-content\/uploads\/2014\/08\/\u062b\u0642\u0627\u0641\u064a-\u0627\u0644\u0646\u0628\u0643-1-300x192.jpg\" alt=\"\u062b\u0642\u0627\u0641\u064a \u0627\u0644\u0646\u0628\u0643  (1)\" width=\"300\" height=\"192\" srcset=\"https:\/\/archive.sana.sy\/tr\/wp-content\/uploads\/2014\/08\/\u062b\u0642\u0627\u0641\u064a-\u0627\u0644\u0646\u0628\u0643-1-300x192.jpg 300w, https:\/\/archive.sana.sy\/tr\/wp-content\/uploads\/2014\/08\/\u062b\u0642\u0627\u0641\u064a-\u0627\u0644\u0646\u0628\u0643-1-150x96.jpg 150w, https:\/\/archive.sana.sy\/tr\/wp-content\/uploads\/2014\/08\/\u062b\u0642\u0627\u0641\u064a-\u0627\u0644\u0646\u0628\u0643-1-1024x656.jpg 1024w\" sizes=\"auto, (max-width: 300px) 100vw, 300px\" \/><\/a> <a href=\"http:\/\/www.sana.sy\/tr\/wp-content\/uploads\/2014\/08\/\u062b\u0642\u0627\u0641\u064a-\u0627\u0644\u0646\u0628\u0643-2.jpg\"><img loading=\"lazy\" decoding=\"async\" class=\"alignright wp-image-7210 size-medium\" src=\"http:\/\/www.sana.sy\/tr\/wp-content\/uploads\/2014\/08\/\u062b\u0642\u0627\u0641\u064a-\u0627\u0644\u0646\u0628\u0643-2-300x185.jpg\" alt=\"\u062b\u0642\u0627\u0641\u064a \u0627\u0644\u0646\u0628\u0643  (2)\" width=\"300\" height=\"185\" srcset=\"https:\/\/archive.sana.sy\/tr\/wp-content\/uploads\/2014\/08\/\u062b\u0642\u0627\u0641\u064a-\u0627\u0644\u0646\u0628\u0643-2-300x185.jpg 300w, https:\/\/archive.sana.sy\/tr\/wp-content\/uploads\/2014\/08\/\u062b\u0642\u0627\u0641\u064a-\u0627\u0644\u0646\u0628\u0643-2-150x92.jpg 150w, https:\/\/archive.sana.sy\/tr\/wp-content\/uploads\/2014\/08\/\u062b\u0642\u0627\u0641\u064a-\u0627\u0644\u0646\u0628\u0643-2-1024x632.jpg 1024w\" sizes=\"auto, (max-width: 300px) 100vw, 300px\" \/><\/a><\/p>\n","protected":false},"excerpt":{"rendered":"<p>\u015eAM KIRSALI \u2013 \u015eam k\u0131rsal\u0131 Nebik Kenti ahalisi; hain ve tekfirci ter\u00f6r \u00e7etelerinin kentlerinde daha \u00f6nce sabote ettikleri K\u00fclt\u00fcr Merekzini onarma \u00e7al\u0131\u015fmalar\u0131n\u0131 bitirdi. Merkez M\u00fcd\u00fcr\u00fc Rihab \u011eac\u011fuc SANA\u2019ya a\u00e7\u0131klamas\u0131nda; ter\u00f6ristlerin merkezi i\u00e7erden tamamen sabote ettiklerini, \u00e7ald\u0131klar\u0131 e\u015fyalar\u0131n haricinde merkezde kalan her \u015feyi yak\u0131p k\u0131rd\u0131klar\u0131n\u0131 s\u00f6yledi. \u011eac\u011fuc kent ahalisinin yeniden hizmete girmesine \u00f6zenleriyle merkezi yeniden onar\u0131p &hellip;<\/p>\n","protected":false},"author":1,"featured_media":7179,"comment_status":"closed","ping_status":"closed","sticky":false,"template":"","format":"standard","meta":{"footnotes":""},"categories":[516,511],"tags":[1605,1606],"class_list":["post-7178","post","type-post","status-publish","format-standard","has-post-thumbnail","","category-haberler-kultur-ve-sanat","category-kultur-ve-sanat","tag-halk","tag-teroristlerin-sabote-ettikleri-kultur-merkezini-onardi"],"_links":{"self":[{"href":"https:\/\/archive.sana.sy\/tr\/index.php?rest_route=\/wp\/v2\/posts\/7178","targetHints":{"allow":["GET"]}}],"collection":[{"href":"https:\/\/archive.sana.sy\/tr\/index.php?rest_route=\/wp\/v2\/posts"}],"about":[{"href":"https:\/\/archive.sana.sy\/tr\/index.php?rest_route=\/wp\/v2\/types\/post"}],"author":[{"embeddable":true,"href":"https:\/\/archive.sana.sy\/tr\/index.php?rest_route=\/wp\/v2\/users\/1"}],"replies":[{"embeddable":true,"href":"https:\/\/archive.sana.sy\/tr\/index.php?rest_route=%2Fwp%2Fv2%2Fcomments&post=7178"}],"version-history":[{"count":0,"href":"https:\/\/archive.sana.sy\/tr\/index.php?rest_route=\/wp\/v2\/posts\/7178\/revisions"}],"wp:featuredmedia":[{"embeddable":true,"href":"https:\/\/archive.sana.sy\/tr\/index.php?rest_route=\/wp\/v2\/media\/7179"}],"wp:attachment":[{"href":"https:\/\/archive.sana.sy\/tr\/index.php?rest_route=%2Fwp%2Fv2%2Fmedia&parent=7178"}],"wp:term":[{"taxonomy":"category","embeddable":true,"href":"https:\/\/archive.sana.sy\/tr\/index.php?rest_route=%2Fwp%2Fv2%2Fcategories&post=7178"},{"taxonomy":"post_tag","embeddable":true,"href":"https:\/\/archive.sana.sy\/tr\/index.php?rest_route=%2Fwp%2Fv2%2Ftags&post=7178"}],"curies":[{"name":"wp","href":"https:\/\/api.w.org\/{rel}","templated":true}]}}