{"id":7182,"date":"2014-08-13T14:48:30","date_gmt":"2014-08-13T11:48:30","guid":{"rendered":"http:\/\/www.sana.sy\/tr\/?p=7182"},"modified":"2014-08-13T14:48:30","modified_gmt":"2014-08-13T11:48:30","slug":"suriye-maruz-kaldigi-butun-felaketlere-ragmen-magdurlara-kucak-aciyor","status":"publish","type":"post","link":"https:\/\/archive.sana.sy\/tr\/?p=7182","title":{"rendered":"Suriye Maruz Kald\u0131\u011f\u0131 B\u00fct\u00fcn Felaketlere Ra\u011fmen Ma\u011fdurlara Kucak A\u00e7\u0131yor"},"content":{"rendered":"<p>UMMAN \u2013 Umman\u2019da yay\u0131nlanan el Vatan Gazetesi, Suriye devletinin, silahl\u0131 ter\u00f6r gruplar\u0131 taraf\u0131ndan evlerinden zorla g\u00f6\u00e7 ettirilen sivil vatanda\u015flarla ilgili uygulamalar\u0131n\u0131 \u00f6vg\u00fcl\u00fc s\u00f6zlerle man\u015fetine ta\u015f\u0131d\u0131.<\/p>\n<p>\u201cKafa Kesme- Kar\u0131n De\u015fme Devrimi ve Suriye\u201d ba\u015fl\u0131kl\u0131 man\u015fetinde; k\u0131talar \u00f6tesinden gelerek Suriye halk\u0131n\u0131 hedef alan uluslararas\u0131 destekli ter\u00f6r ve Suriye devletini y\u0131kma komplolar\u0131na ra\u011fmen, \u015fiddetin dinmedi\u011fi ve son s\u00fcre\u00e7te yeni bir ter\u00f6r dalgas\u0131na maruz kalan Irakl\u0131 ter\u00f6rzedelere kucak a\u00e7\u0131lmas\u0131 \u00f6vg\u00fcl\u00fc s\u00f6zlerle anlat\u0131ld\u0131.<\/p>\n<p>Suriye\u2019nin halk\u0131, ordusu ve y\u00f6netimiyle, akan kan\u0131n durdurulmas\u0131 ve \u00f6l\u00fcm ter\u00f6r\u00fcn\u00fcn \u00f6n\u00fcne ge\u00e7mek i\u00e7in b\u00fcy\u00fck \u00e7abalar harcad\u0131\u011f\u0131na dikkat \u00e7eken Gazete; bu \u00e7abalar\u0131n d\u00fcnyada e\u015fi g\u00f6r\u00fclmemi\u015f bir \u00f6rnek te\u015fkil etti\u011fini belirtti.<\/p>\n<p>Akan kan\u0131n durdurulmas\u0131 i\u00e7in harcanan \u00e7abalarla Suriye\u2019nin onur, haysiyet ve Arapl\u0131\u011f\u0131n\u0131 savunma ve koruma tablosu olu\u015fturdu\u011funu dile getiren Gazete; maruz kald\u0131\u011f\u0131 b\u00fct\u00fcn ac\u0131 ve zulme ra\u011fmen ayakta kalmay\u0131 ba\u015faran bir halk kar\u015f\u0131s\u0131nda \u201cDevrim\u201d iddialar\u0131n\u0131n inand\u0131r\u0131c\u0131l\u0131\u011f\u0131n\u0131n kalmad\u0131\u011f\u0131na vurgu yapt\u0131.<\/p>\n<p>\u201cDevrim\u201d \u015fiar\u0131 alt\u0131nda bo\u011faz kesme, kar\u0131n de\u015fme, insan kalbi yeme, insanlar\u0131 evlerinden zorla g\u00f6\u00e7 ettirme, vatanda\u015flar\u0131n ba\u015f\u0131n\u0131n \u00fcst\u00fcne evlerini y\u0131kma, alt yap\u0131y\u0131 tahrip etme, tecav\u00fcz ve insanl\u0131k d\u0131\u015f\u0131 akla hayale gelmeyecek faaliyetler y\u00fcr\u00fct\u00fcld\u00fc\u011f\u00fcne dikkat \u00e7eken Gazete; b\u00fct\u00fcn bu faaliyetlerin \u0130slam \u00e7er\u00e7evesinde yap\u0131l\u0131yor olmas\u0131n\u0131n b\u00fcy\u00fck bir utan\u00e7 kayna\u011f\u0131 oldu\u011funun alt\u0131n\u0131 \u00e7izdi.<\/p>\n<p>&nbsp;<\/p>\n","protected":false},"excerpt":{"rendered":"<p>UMMAN \u2013 Umman\u2019da yay\u0131nlanan el Vatan Gazetesi, Suriye devletinin, silahl\u0131 ter\u00f6r gruplar\u0131 taraf\u0131ndan evlerinden zorla g\u00f6\u00e7 ettirilen sivil vatanda\u015flarla ilgili uygulamalar\u0131n\u0131 \u00f6vg\u00fcl\u00fc s\u00f6zlerle man\u015fetine ta\u015f\u0131d\u0131. \u201cKafa Kesme- Kar\u0131n De\u015fme Devrimi ve Suriye\u201d ba\u015fl\u0131kl\u0131 man\u015fetinde; k\u0131talar \u00f6tesinden gelerek Suriye halk\u0131n\u0131 hedef alan uluslararas\u0131 destekli ter\u00f6r ve Suriye devletini y\u0131kma komplolar\u0131na ra\u011fmen, \u015fiddetin dinmedi\u011fi ve son s\u00fcre\u00e7te &hellip;<\/p>\n","protected":false},"author":1,"featured_media":7183,"comment_status":"closed","ping_status":"closed","sticky":false,"template":"","format":"standard","meta":{"footnotes":""},"categories":[558,556,560],"tags":[1607],"class_list":["post-7182","post","type-post","status-publish","format-standard","has-post-thumbnail","","category-arap-basini","category-basin","category-secme-makaleler","tag-suriye-maruz-kaldigi-butun-felaketlere-ragmen-magdurlara-kucak-aciyor"],"_links":{"self":[{"href":"https:\/\/archive.sana.sy\/tr\/index.php?rest_route=\/wp\/v2\/posts\/7182","targetHints":{"allow":["GET"]}}],"collection":[{"href":"https:\/\/archive.sana.sy\/tr\/index.php?rest_route=\/wp\/v2\/posts"}],"about":[{"href":"https:\/\/archive.sana.sy\/tr\/index.php?rest_route=\/wp\/v2\/types\/post"}],"author":[{"embeddable":true,"href":"https:\/\/archive.sana.sy\/tr\/index.php?rest_route=\/wp\/v2\/users\/1"}],"replies":[{"embeddable":true,"href":"https:\/\/archive.sana.sy\/tr\/index.php?rest_route=%2Fwp%2Fv2%2Fcomments&post=7182"}],"version-history":[{"count":0,"href":"https:\/\/archive.sana.sy\/tr\/index.php?rest_route=\/wp\/v2\/posts\/7182\/revisions"}],"wp:featuredmedia":[{"embeddable":true,"href":"https:\/\/archive.sana.sy\/tr\/index.php?rest_route=\/wp\/v2\/media\/7183"}],"wp:attachment":[{"href":"https:\/\/archive.sana.sy\/tr\/index.php?rest_route=%2Fwp%2Fv2%2Fmedia&parent=7182"}],"wp:term":[{"taxonomy":"category","embeddable":true,"href":"https:\/\/archive.sana.sy\/tr\/index.php?rest_route=%2Fwp%2Fv2%2Fcategories&post=7182"},{"taxonomy":"post_tag","embeddable":true,"href":"https:\/\/archive.sana.sy\/tr\/index.php?rest_route=%2Fwp%2Fv2%2Ftags&post=7182"}],"curies":[{"name":"wp","href":"https:\/\/api.w.org\/{rel}","templated":true}]}}