{"id":71839,"date":"2016-05-05T12:39:27","date_gmt":"2016-05-05T09:39:27","guid":{"rendered":"http:\/\/sana.sy\/tr\/?p=71839"},"modified":"2016-05-06T18:43:18","modified_gmt":"2016-05-06T15:43:18","slug":"el-esadtan-putine-mesaj","status":"publish","type":"post","link":"https:\/\/archive.sana.sy\/tr\/?p=71839","title":{"rendered":"El Esad\u2019tan Putin\u2019e Mesaj"},"content":{"rendered":"<p>\u015eAM \u2013 Cumhurba\u015fkan\u0131 Be\u015f\u015far el Esad bug\u00fcn Rusya\u2019n\u0131n Nazili\u011fe zaferi m\u00fcnasebetiyle Rusya Federasyonu Ba\u015fkan\u0131 Vladimir Putin\u2019e kutlama mesaj\u0131 g\u00f6nderdi.<\/p>\n<p>Mesaj\u0131nda kendisi ve Suriye halk\u0131 ad\u0131na Rusya Ba\u015fkan\u0131 Putin ve dost Rusya halk\u0131na iyi dileklerini ifade eden el Esad; Rusya halk\u0131n\u0131n Nazili\u011fi kar\u015f\u0131 sava\u015f\u0131nda b\u00fcy\u00fck \u00f6zverilerde bulundu\u011funa i\u015faret etti. El Esad fakat kazan\u0131lan zaferle, as\u0131rlar boyunca yeni nesillere me\u015fale olu\u015fturdu\u011funa dikkat \u00e7ekti.<\/p>\n<p>El Esad Rusya\u2019n\u0131n ter\u00f6re kar\u015f\u0131 sava\u015f\u0131nda Suriye ve halk\u0131na deste\u011finin, Rusya\u2019n\u0131n tarih boyunca zul\u00fcm ve sald\u0131r\u0131lara kar\u015f\u0131 tutumunun yan\u0131 s\u0131ra mazlum halklar\u0131 destekleyen tutumunun bir devam\u0131 oldu\u011funu ifade ederken, bu tutumun takdire \u015fayan oldu\u011funu belirtti.<\/p>\n<p>Halep Kentinin g\u00fcn\u00fcm\u00fczde Suriye\u2019nin di\u011fer kentleri gibi ter\u00f6re kar\u015f\u0131 m\u00fccadele etti\u011fini ve Kahraman Stalingrad\u2019\u0131 kucaklad\u0131\u011f\u0131n\u0131 ifade eden el Esad; ayn\u0131 zamanda sald\u0131r\u0131lar\u0131n sertli\u011fi ve h\u0131r\u00e7\u0131nl\u0131\u011f\u0131na ra\u011fmen, fedakarl\u0131klar ve ac\u0131lar\u0131n b\u00fcy\u00fckl\u00fc\u011f\u00fcne ra\u011fmen Halep ve Suriyeli t\u00fcm k\u00f6y, belde ve kentlerin ter\u00f6r\u00fc tamamen bertaraf etme ve nihai \u015fanl\u0131 bir zafer kazanmaktan ba\u015fka hi\u00e7 bir \u00e7\u00f6z\u00fcm\u00fc kabul etmeyece\u011fi taahh\u00fcd\u00fcnde bulundu\u011funun alt\u0131n\u0131 \u00e7izdi. El Esad bu zaferin de Suriye ve halk\u0131n\u0131n yan\u0131 s\u0131ra b\u00f6lge ve t\u00fcm d\u00fcnyan\u0131n hayr\u0131 oldu\u011funu da vurgulad\u0131.<\/p>\n<p>R.H.<\/p>\n","protected":false},"excerpt":{"rendered":"<p>\u015eAM \u2013 Cumhurba\u015fkan\u0131 Be\u015f\u015far el Esad bug\u00fcn Rusya\u2019n\u0131n Nazili\u011fe zaferi m\u00fcnasebetiyle Rusya Federasyonu Ba\u015fkan\u0131 Vladimir Putin\u2019e kutlama mesaj\u0131 g\u00f6nderdi. Mesaj\u0131nda kendisi ve Suriye halk\u0131 ad\u0131na Rusya Ba\u015fkan\u0131 Putin ve dost Rusya halk\u0131na iyi dileklerini ifade eden el Esad; Rusya halk\u0131n\u0131n Nazili\u011fi kar\u015f\u0131 sava\u015f\u0131nda b\u00fcy\u00fck \u00f6zverilerde bulundu\u011funa i\u015faret etti. El Esad fakat kazan\u0131lan zaferle, as\u0131rlar boyunca &hellip;<\/p>\n","protected":false},"author":1,"featured_media":71840,"comment_status":"closed","ping_status":"closed","sticky":false,"template":"","format":"standard","meta":{"footnotes":""},"categories":[479,605,17988,613,478],"tags":[20926],"class_list":["post-71839","post","type-post","status-publish","format-standard","has-post-thumbnail","","category-haberler-yerel","category-sayin-cumhurbaskani","category-son-haberler","category-telgraflar","category-yerel","tag-el-esadtan-putine-mesaj"],"_links":{"self":[{"href":"https:\/\/archive.sana.sy\/tr\/index.php?rest_route=\/wp\/v2\/posts\/71839","targetHints":{"allow":["GET"]}}],"collection":[{"href":"https:\/\/archive.sana.sy\/tr\/index.php?rest_route=\/wp\/v2\/posts"}],"about":[{"href":"https:\/\/archive.sana.sy\/tr\/index.php?rest_route=\/wp\/v2\/types\/post"}],"author":[{"embeddable":true,"href":"https:\/\/archive.sana.sy\/tr\/index.php?rest_route=\/wp\/v2\/users\/1"}],"replies":[{"embeddable":true,"href":"https:\/\/archive.sana.sy\/tr\/index.php?rest_route=%2Fwp%2Fv2%2Fcomments&post=71839"}],"version-history":[{"count":0,"href":"https:\/\/archive.sana.sy\/tr\/index.php?rest_route=\/wp\/v2\/posts\/71839\/revisions"}],"wp:featuredmedia":[{"embeddable":true,"href":"https:\/\/archive.sana.sy\/tr\/index.php?rest_route=\/wp\/v2\/media\/71840"}],"wp:attachment":[{"href":"https:\/\/archive.sana.sy\/tr\/index.php?rest_route=%2Fwp%2Fv2%2Fmedia&parent=71839"}],"wp:term":[{"taxonomy":"category","embeddable":true,"href":"https:\/\/archive.sana.sy\/tr\/index.php?rest_route=%2Fwp%2Fv2%2Fcategories&post=71839"},{"taxonomy":"post_tag","embeddable":true,"href":"https:\/\/archive.sana.sy\/tr\/index.php?rest_route=%2Fwp%2Fv2%2Ftags&post=71839"}],"curies":[{"name":"wp","href":"https:\/\/api.w.org\/{rel}","templated":true}]}}