{"id":71894,"date":"2016-05-05T14:14:22","date_gmt":"2016-05-05T11:14:22","guid":{"rendered":"http:\/\/www.sana.sy\/tr\/?p=71894"},"modified":"2016-05-05T14:14:22","modified_gmt":"2016-05-05T11:14:22","slug":"sananin-halep-muhabiri-erdogan-rejiminden-destek-ve-talimat-alan-teroristlerin-dun-gece-baslayan-yatistirma-durumunu-ihlal-edip-kentin-sivil-yerlesim-alanlarindan-esrefiye-zehra-cemiyeti-m","status":"publish","type":"post","link":"https:\/\/archive.sana.sy\/tr\/?p=71894","title":{"rendered":"SANA\u2019n\u0131n Halep muhabiri; Erdo\u011fan rejiminden destek ve talimat alan ter\u00f6ristlerin d\u00fcn gece ba\u015flayan yat\u0131\u015ft\u0131rma durumunu ihlal edip kentin sivil yerle\u015fim alanlar\u0131ndan E\u015frefiye, Zehra Cemiyeti, Meydan ve S\u00fcleymaniye semtlerine ek olarak Famly Hous B\u00f6lgesi ve Ferah okulunu 20 f\u00fczeyle hedef ald\u0131klar\u0131n\u0131 aktard\u0131"},"content":{"rendered":"<p>SANA\u2019n\u0131n Halep muhabiri; Erdo\u011fan rejiminden destek ve talimat alan ter\u00f6ristlerin d\u00fcn gece ba\u015flayan yat\u0131\u015ft\u0131rma durumunu ihlal edip kentin sivil yerle\u015fim alanlar\u0131ndan E\u015frefiye, Zehra Cemiyeti, Meydan ve S\u00fcleymaniye semtlerine ek olarak Famly Hous B\u00f6lgesi ve Ferah okulunu 20 f\u00fczeyle hedef ald\u0131klar\u0131n\u0131 aktard\u0131<\/p>\n","protected":false},"excerpt":{"rendered":"<p>SANA\u2019n\u0131n Halep muhabiri; Erdo\u011fan rejiminden destek ve talimat alan ter\u00f6ristlerin d\u00fcn gece ba\u015flayan yat\u0131\u015ft\u0131rma durumunu ihlal edip kentin sivil yerle\u015fim alanlar\u0131ndan E\u015frefiye, Zehra Cemiyeti, Meydan ve S\u00fcleymaniye semtlerine ek olarak Famly Hous B\u00f6lgesi ve Ferah okulunu 20 f\u00fczeyle hedef ald\u0131klar\u0131n\u0131 aktard\u0131<\/p>\n","protected":false},"author":1,"featured_media":0,"comment_status":"closed","ping_status":"closed","sticky":false,"template":"","format":"standard","meta":{"footnotes":""},"categories":[17991],"tags":[],"class_list":["post-71894","post","type-post","status-publish","format-standard","","category-son-dakika"],"_links":{"self":[{"href":"https:\/\/archive.sana.sy\/tr\/index.php?rest_route=\/wp\/v2\/posts\/71894","targetHints":{"allow":["GET"]}}],"collection":[{"href":"https:\/\/archive.sana.sy\/tr\/index.php?rest_route=\/wp\/v2\/posts"}],"about":[{"href":"https:\/\/archive.sana.sy\/tr\/index.php?rest_route=\/wp\/v2\/types\/post"}],"author":[{"embeddable":true,"href":"https:\/\/archive.sana.sy\/tr\/index.php?rest_route=\/wp\/v2\/users\/1"}],"replies":[{"embeddable":true,"href":"https:\/\/archive.sana.sy\/tr\/index.php?rest_route=%2Fwp%2Fv2%2Fcomments&post=71894"}],"version-history":[{"count":0,"href":"https:\/\/archive.sana.sy\/tr\/index.php?rest_route=\/wp\/v2\/posts\/71894\/revisions"}],"wp:attachment":[{"href":"https:\/\/archive.sana.sy\/tr\/index.php?rest_route=%2Fwp%2Fv2%2Fmedia&parent=71894"}],"wp:term":[{"taxonomy":"category","embeddable":true,"href":"https:\/\/archive.sana.sy\/tr\/index.php?rest_route=%2Fwp%2Fv2%2Fcategories&post=71894"},{"taxonomy":"post_tag","embeddable":true,"href":"https:\/\/archive.sana.sy\/tr\/index.php?rest_route=%2Fwp%2Fv2%2Ftags&post=71894"}],"curies":[{"name":"wp","href":"https:\/\/api.w.org\/{rel}","templated":true}]}}