{"id":71906,"date":"2016-05-05T12:12:21","date_gmt":"2016-05-05T09:12:21","guid":{"rendered":"http:\/\/www.sana.sy\/tr\/?p=71906"},"modified":"2016-05-05T14:42:02","modified_gmt":"2016-05-05T11:42:02","slug":"kaynak-aracin-dera-kirsalinda-israil-destekli-teroristlerden-dogu-badiye-bolgesindeki-teroristlerin-istikametinde-seyir-ederken-yakalandigini-soyledi","status":"publish","type":"post","link":"https:\/\/archive.sana.sy\/tr\/?p=71906","title":{"rendered":"Kaynak arac\u0131n Dera k\u0131rsal\u0131nda \u0130srail destekli ter\u00f6ristlerden Do\u011fu Badiye b\u00f6lgesindeki ter\u00f6ristlerin istikametinde seyir ederken yakaland\u0131\u011f\u0131n\u0131 s\u00f6yledi"},"content":{"rendered":"<p>Kaynak arac\u0131n Dera k\u0131rsal\u0131nda \u0130srail destekli ter\u00f6ristlerden Do\u011fu Badiye b\u00f6lgesindeki ter\u00f6ristlerin istikametinde seyir ederken yakaland\u0131\u011f\u0131n\u0131 s\u00f6yledi<\/p>\n","protected":false},"excerpt":{"rendered":"<p>Kaynak arac\u0131n Dera k\u0131rsal\u0131nda \u0130srail destekli ter\u00f6ristlerden Do\u011fu Badiye b\u00f6lgesindeki ter\u00f6ristlerin istikametinde seyir ederken yakaland\u0131\u011f\u0131n\u0131 s\u00f6yledi<\/p>\n","protected":false},"author":1,"featured_media":0,"comment_status":"closed","ping_status":"closed","sticky":false,"template":"","format":"standard","meta":{"footnotes":""},"categories":[17991],"tags":[],"class_list":["post-71906","post","type-post","status-publish","format-standard","","category-son-dakika"],"_links":{"self":[{"href":"https:\/\/archive.sana.sy\/tr\/index.php?rest_route=\/wp\/v2\/posts\/71906","targetHints":{"allow":["GET"]}}],"collection":[{"href":"https:\/\/archive.sana.sy\/tr\/index.php?rest_route=\/wp\/v2\/posts"}],"about":[{"href":"https:\/\/archive.sana.sy\/tr\/index.php?rest_route=\/wp\/v2\/types\/post"}],"author":[{"embeddable":true,"href":"https:\/\/archive.sana.sy\/tr\/index.php?rest_route=\/wp\/v2\/users\/1"}],"replies":[{"embeddable":true,"href":"https:\/\/archive.sana.sy\/tr\/index.php?rest_route=%2Fwp%2Fv2%2Fcomments&post=71906"}],"version-history":[{"count":0,"href":"https:\/\/archive.sana.sy\/tr\/index.php?rest_route=\/wp\/v2\/posts\/71906\/revisions"}],"wp:attachment":[{"href":"https:\/\/archive.sana.sy\/tr\/index.php?rest_route=%2Fwp%2Fv2%2Fmedia&parent=71906"}],"wp:term":[{"taxonomy":"category","embeddable":true,"href":"https:\/\/archive.sana.sy\/tr\/index.php?rest_route=%2Fwp%2Fv2%2Fcategories&post=71906"},{"taxonomy":"post_tag","embeddable":true,"href":"https:\/\/archive.sana.sy\/tr\/index.php?rest_route=%2Fwp%2Fv2%2Ftags&post=71906"}],"curies":[{"name":"wp","href":"https:\/\/api.w.org\/{rel}","templated":true}]}}