{"id":7204,"date":"2014-08-13T13:24:16","date_gmt":"2014-08-13T10:24:16","guid":{"rendered":"http:\/\/www.sana.sy\/tr\/?p=7204"},"modified":"2014-08-13T16:25:23","modified_gmt":"2014-08-13T13:25:23","slug":"havzasinda-1-kilo-eroin-ile-yakalandi","status":"publish","type":"post","link":"https:\/\/archive.sana.sy\/tr\/?p=7204","title":{"rendered":"Havzas\u0131nda 1 Kilo Eroin ile Yakaland\u0131"},"content":{"rendered":"<p>\u015eAM \u2013 \u0130\u00e7i\u015fleri Bakanl\u0131\u011f\u0131nda Uyu\u015fturucuyla M\u00fccadele Departman\u0131nda yetkili bir kaynak; \u015eam\u2019da uyu\u015fturucu pazarl\u0131\u011f\u0131 yapan bir ki\u015finin yakaland\u0131\u011f\u0131n\u0131 belirtti.<\/p>\n<p>Kaynak yakalanan \u015fahs\u0131n havzas\u0131nda 1 kil\u0131 eroinin yan\u0131 s\u0131ra 3.5 kilo da kullan\u0131ma haz\u0131r kenevir ele ge\u00e7irildi\u011fini ifade ederken, \u015fah\u0131s\u0131n mahkemeye sevk edildi\u011fini s\u00f6yledi.<\/p>\n","protected":false},"excerpt":{"rendered":"<p>\u015eAM \u2013 \u0130\u00e7i\u015fleri Bakanl\u0131\u011f\u0131nda Uyu\u015fturucuyla M\u00fccadele Departman\u0131nda yetkili bir kaynak; \u015eam\u2019da uyu\u015fturucu pazarl\u0131\u011f\u0131 yapan bir ki\u015finin yakaland\u0131\u011f\u0131n\u0131 belirtti. Kaynak yakalanan \u015fahs\u0131n havzas\u0131nda 1 kil\u0131 eroinin yan\u0131 s\u0131ra 3.5 kilo da kullan\u0131ma haz\u0131r kenevir ele ge\u00e7irildi\u011fini ifade ederken, \u015fah\u0131s\u0131n mahkemeye sevk edildi\u011fini s\u00f6yledi.<\/p>\n","protected":false},"author":1,"featured_media":7205,"comment_status":"closed","ping_status":"closed","sticky":false,"template":"","format":"standard","meta":{"footnotes":""},"categories":[485,486],"tags":[1614],"class_list":["post-7204","post","type-post","status-publish","format-standard","has-post-thumbnail","","category-is-ve-sermaye","category-haberler-is-ve-sermaye","tag-havzasinda-1-kilo-eroin-ile-yakalandi"],"_links":{"self":[{"href":"https:\/\/archive.sana.sy\/tr\/index.php?rest_route=\/wp\/v2\/posts\/7204","targetHints":{"allow":["GET"]}}],"collection":[{"href":"https:\/\/archive.sana.sy\/tr\/index.php?rest_route=\/wp\/v2\/posts"}],"about":[{"href":"https:\/\/archive.sana.sy\/tr\/index.php?rest_route=\/wp\/v2\/types\/post"}],"author":[{"embeddable":true,"href":"https:\/\/archive.sana.sy\/tr\/index.php?rest_route=\/wp\/v2\/users\/1"}],"replies":[{"embeddable":true,"href":"https:\/\/archive.sana.sy\/tr\/index.php?rest_route=%2Fwp%2Fv2%2Fcomments&post=7204"}],"version-history":[{"count":0,"href":"https:\/\/archive.sana.sy\/tr\/index.php?rest_route=\/wp\/v2\/posts\/7204\/revisions"}],"wp:featuredmedia":[{"embeddable":true,"href":"https:\/\/archive.sana.sy\/tr\/index.php?rest_route=\/wp\/v2\/media\/7205"}],"wp:attachment":[{"href":"https:\/\/archive.sana.sy\/tr\/index.php?rest_route=%2Fwp%2Fv2%2Fmedia&parent=7204"}],"wp:term":[{"taxonomy":"category","embeddable":true,"href":"https:\/\/archive.sana.sy\/tr\/index.php?rest_route=%2Fwp%2Fv2%2Fcategories&post=7204"},{"taxonomy":"post_tag","embeddable":true,"href":"https:\/\/archive.sana.sy\/tr\/index.php?rest_route=%2Fwp%2Fv2%2Ftags&post=7204"}],"curies":[{"name":"wp","href":"https:\/\/api.w.org\/{rel}","templated":true}]}}