{"id":72045,"date":"2016-05-06T19:19:11","date_gmt":"2016-05-06T16:19:11","guid":{"rendered":"http:\/\/sana.sy\/tr\/?p=72045"},"modified":"2016-05-06T19:19:11","modified_gmt":"2016-05-06T16:19:11","slug":"vatan-ve-halkini-savunurlarken-canlarini-feda-eden-sehitlerimizin-kanlarinin-her-daim-yolumuzu-aydinlatan-mesaleler-olarak-kalacagini-vurgulayan-freyc-guzelim-vatanimizin-maruz-kaldigi-bu-barbar-sald","status":"publish","type":"post","link":"https:\/\/archive.sana.sy\/tr\/?p=72045","title":{"rendered":"Vatan ve halk\u0131n\u0131 savunurlarken canlar\u0131n\u0131 feda eden \u015fehitlerimizin kanlar\u0131n\u0131n her daim yolumuzu ayd\u0131nlatan me\u015faleler olarak kalaca\u011f\u0131n\u0131 vurgulayan Freyc; g\u00fczelim vatan\u0131m\u0131z\u0131n maruz kald\u0131\u011f\u0131 bu barbar sald\u0131r\u0131lara kar\u015f\u0131 tam ve \u015fanl\u0131 zafer sa\u011flan\u0131ncaya dek g\u00fcc\u00fcm\u00fcze g\u00fc\u00e7 kataca\u011f\u0131n\u0131 belirtti"},"content":{"rendered":"<p>Vatan ve halk\u0131n\u0131 savunurlarken canlar\u0131n\u0131 feda eden \u015fehitlerimizin kanlar\u0131n\u0131n her daim yolumuzu ayd\u0131nlatan me\u015faleler olarak kalaca\u011f\u0131n\u0131 vurgulayan Freyc; g\u00fczelim vatan\u0131m\u0131z\u0131n maruz kald\u0131\u011f\u0131 bu barbar sald\u0131r\u0131lara kar\u015f\u0131 tam ve \u015fanl\u0131 zafer sa\u011flan\u0131ncaya dek g\u00fcc\u00fcm\u00fcze g\u00fc\u00e7 kataca\u011f\u0131n\u0131 belirtti<\/p>\n","protected":false},"excerpt":{"rendered":"<p>Vatan ve halk\u0131n\u0131 savunurlarken canlar\u0131n\u0131 feda eden \u015fehitlerimizin kanlar\u0131n\u0131n her daim yolumuzu ayd\u0131nlatan me\u015faleler olarak kalaca\u011f\u0131n\u0131 vurgulayan Freyc; g\u00fczelim vatan\u0131m\u0131z\u0131n maruz kald\u0131\u011f\u0131 bu barbar sald\u0131r\u0131lara kar\u015f\u0131 tam ve \u015fanl\u0131 zafer sa\u011flan\u0131ncaya dek g\u00fcc\u00fcm\u00fcze g\u00fc\u00e7 kataca\u011f\u0131n\u0131 belirtti<\/p>\n","protected":false},"author":1,"featured_media":0,"comment_status":"closed","ping_status":"closed","sticky":false,"template":"","format":"standard","meta":{"footnotes":""},"categories":[17991],"tags":[],"class_list":["post-72045","post","type-post","status-publish","format-standard","","category-son-dakika"],"_links":{"self":[{"href":"https:\/\/archive.sana.sy\/tr\/index.php?rest_route=\/wp\/v2\/posts\/72045","targetHints":{"allow":["GET"]}}],"collection":[{"href":"https:\/\/archive.sana.sy\/tr\/index.php?rest_route=\/wp\/v2\/posts"}],"about":[{"href":"https:\/\/archive.sana.sy\/tr\/index.php?rest_route=\/wp\/v2\/types\/post"}],"author":[{"embeddable":true,"href":"https:\/\/archive.sana.sy\/tr\/index.php?rest_route=\/wp\/v2\/users\/1"}],"replies":[{"embeddable":true,"href":"https:\/\/archive.sana.sy\/tr\/index.php?rest_route=%2Fwp%2Fv2%2Fcomments&post=72045"}],"version-history":[{"count":0,"href":"https:\/\/archive.sana.sy\/tr\/index.php?rest_route=\/wp\/v2\/posts\/72045\/revisions"}],"wp:attachment":[{"href":"https:\/\/archive.sana.sy\/tr\/index.php?rest_route=%2Fwp%2Fv2%2Fmedia&parent=72045"}],"wp:term":[{"taxonomy":"category","embeddable":true,"href":"https:\/\/archive.sana.sy\/tr\/index.php?rest_route=%2Fwp%2Fv2%2Fcategories&post=72045"},{"taxonomy":"post_tag","embeddable":true,"href":"https:\/\/archive.sana.sy\/tr\/index.php?rest_route=%2Fwp%2Fv2%2Ftags&post=72045"}],"curies":[{"name":"wp","href":"https:\/\/api.w.org\/{rel}","templated":true}]}}