{"id":72056,"date":"2016-05-06T19:32:36","date_gmt":"2016-05-06T16:32:36","guid":{"rendered":"http:\/\/sana.sy\/tr\/?p=72056"},"modified":"2016-05-07T16:04:17","modified_gmt":"2016-05-07T13:04:17","slug":"kamp-nusra-cephesinin-kullandigi-fuze-rampalariyla-vuruldu","status":"publish","type":"post","link":"https:\/\/archive.sana.sy\/tr\/?p=72056","title":{"rendered":"Kamp, Nusra Cephesinin Kulland\u0131\u011f\u0131 F\u00fcze Rampalar\u0131yla Vuruldu"},"content":{"rendered":"<p>MOSKOVA \u2013 Rusya Savunma Bakanl\u0131\u011f\u0131; \u0130dlib k\u0131rsal\u0131nda \u2018Suriye ordusunun vurdu\u011fu y\u00f6n\u00fcnde su\u00e7lamalar\u0131n yap\u0131ld\u0131\u011f\u0131\u2019 tehcir edilenlerin ikamet ettikleri kamptaki hasarlar ve belirtilerin, bu kamp\u0131n Kaide \u00d6rg\u00fct\u00fcn\u00fcn Suriye kolu Nusra Cephesinin kulland\u0131\u011f\u0131 f\u00fcze bataryalar\u0131 ile vuruldu\u011funu g\u00f6sterdi\u011fine vurgulad\u0131.<\/p>\n<p>Rusya Savunma Bakanl\u0131\u011f\u0131 resmi s\u00f6zc\u00fcs\u00fc Igor Konashenkov bug\u00fcn d\u00fczenledi\u011fi bas\u0131n konferans\u0131nda; bombalanan kampa ili\u015fkin g\u00f6r\u00fcnt\u00fclerin, sava\u015f u\u00e7aklar\u0131 taraf\u0131ndan de\u011fil de Nusra Cephesinin kulland\u0131\u011f\u0131 f\u00fcze rampalar\u0131 ile vuruldu\u011funu net bir \u015fekilde g\u00f6sterdi\u011fini belirtti. Konashenkov s\u00f6z\u00fc edilen kamp\u0131n \u00fczerinde ne Rus ne de ba\u015fka hi\u00e7bir u\u00e7a\u011f\u0131n u\u00e7u\u015flarda bulunmad\u0131\u011f\u0131n\u0131n alt\u0131n\u0131 \u00e7izdi.<\/p>\n<p>Ordu ve Silahl\u0131 Kuvvetler Genel Komutanl\u0131\u011f\u0131 g\u00fcn\u00fcn erken saatlerinde yapt\u0131\u011f\u0131 a\u00e7\u0131klamada; kamp\u0131n Suriye hava g\u00fc\u00e7leri taraf\u0131ndan hedef al\u0131nd\u0131\u011f\u0131na ili\u015fkin iddialar\u0131n hi\u00e7bir asl\u0131 ger\u00e7e\u011fi olmad\u0131\u011f\u0131n\u0131 vurgulam\u0131\u015ft\u0131.<\/p>\n","protected":false},"excerpt":{"rendered":"<p>MOSKOVA \u2013 Rusya Savunma Bakanl\u0131\u011f\u0131; \u0130dlib k\u0131rsal\u0131nda \u2018Suriye ordusunun vurdu\u011fu y\u00f6n\u00fcnde su\u00e7lamalar\u0131n yap\u0131ld\u0131\u011f\u0131\u2019 tehcir edilenlerin ikamet ettikleri kamptaki hasarlar ve belirtilerin, bu kamp\u0131n Kaide \u00d6rg\u00fct\u00fcn\u00fcn Suriye kolu Nusra Cephesinin kulland\u0131\u011f\u0131 f\u00fcze bataryalar\u0131 ile vuruldu\u011funu g\u00f6sterdi\u011fine vurgulad\u0131. Rusya Savunma Bakanl\u0131\u011f\u0131 resmi s\u00f6zc\u00fcs\u00fc Igor Konashenkov bug\u00fcn d\u00fczenledi\u011fi bas\u0131n konferans\u0131nda; bombalanan kampa ili\u015fkin g\u00f6r\u00fcnt\u00fclerin, sava\u015f u\u00e7aklar\u0131 taraf\u0131ndan de\u011fil &hellip;<\/p>\n","protected":false},"author":1,"featured_media":59030,"comment_status":"closed","ping_status":"closed","sticky":false,"template":"","format":"standard","meta":{"footnotes":""},"categories":[458,459,17988],"tags":[],"class_list":["post-72056","post","type-post","status-publish","format-standard","has-post-thumbnail","","category-dunya1","category-haberler-arap-uluslararasi-politika","category-son-haberler"],"_links":{"self":[{"href":"https:\/\/archive.sana.sy\/tr\/index.php?rest_route=\/wp\/v2\/posts\/72056","targetHints":{"allow":["GET"]}}],"collection":[{"href":"https:\/\/archive.sana.sy\/tr\/index.php?rest_route=\/wp\/v2\/posts"}],"about":[{"href":"https:\/\/archive.sana.sy\/tr\/index.php?rest_route=\/wp\/v2\/types\/post"}],"author":[{"embeddable":true,"href":"https:\/\/archive.sana.sy\/tr\/index.php?rest_route=\/wp\/v2\/users\/1"}],"replies":[{"embeddable":true,"href":"https:\/\/archive.sana.sy\/tr\/index.php?rest_route=%2Fwp%2Fv2%2Fcomments&post=72056"}],"version-history":[{"count":0,"href":"https:\/\/archive.sana.sy\/tr\/index.php?rest_route=\/wp\/v2\/posts\/72056\/revisions"}],"wp:featuredmedia":[{"embeddable":true,"href":"https:\/\/archive.sana.sy\/tr\/index.php?rest_route=\/wp\/v2\/media\/59030"}],"wp:attachment":[{"href":"https:\/\/archive.sana.sy\/tr\/index.php?rest_route=%2Fwp%2Fv2%2Fmedia&parent=72056"}],"wp:term":[{"taxonomy":"category","embeddable":true,"href":"https:\/\/archive.sana.sy\/tr\/index.php?rest_route=%2Fwp%2Fv2%2Fcategories&post=72056"},{"taxonomy":"post_tag","embeddable":true,"href":"https:\/\/archive.sana.sy\/tr\/index.php?rest_route=%2Fwp%2Fv2%2Ftags&post=72056"}],"curies":[{"name":"wp","href":"https:\/\/api.w.org\/{rel}","templated":true}]}}