{"id":72079,"date":"2016-05-07T10:07:32","date_gmt":"2016-05-07T07:07:32","guid":{"rendered":"http:\/\/www.sana.sy\/tr\/?p=72079"},"modified":"2016-05-07T13:03:03","modified_gmt":"2016-05-07T10:03:03","slug":"sanaya-aciklama-yapan-askeri-bir-kaynak-hava-guclerimizin-deyrezzor-kirsalinin-cafra-ve-mureyiye-bolgelerinde-isid-mevkileri-ve-araclarini-imha-ettiklerini-belirtti","status":"publish","type":"post","link":"https:\/\/archive.sana.sy\/tr\/?p=72079","title":{"rendered":"SANA\u2019ya a\u00e7\u0131klama yapan askeri bir kaynak hava g\u00fc\u00e7lerimizin Deyrezzor k\u0131rsal\u0131n\u0131n Cafra ve Mureyiye b\u00f6lgelerinde I\u015e\u0130D mevkileri ve ara\u00e7lar\u0131n\u0131 imha ettiklerini belirtti"},"content":{"rendered":"<p>SANA\u2019ya a\u00e7\u0131klama yapan askeri bir kaynak hava g\u00fc\u00e7lerimizin Deyrezzor k\u0131rsal\u0131n\u0131n Cafra ve Mureyiye b\u00f6lgelerinde I\u015e\u0130D mevkileri ve ara\u00e7lar\u0131n\u0131 imha ettiklerini belirtti<\/p>\n","protected":false},"excerpt":{"rendered":"<p>SANA\u2019ya a\u00e7\u0131klama yapan askeri bir kaynak hava g\u00fc\u00e7lerimizin Deyrezzor k\u0131rsal\u0131n\u0131n Cafra ve Mureyiye b\u00f6lgelerinde I\u015e\u0130D mevkileri ve ara\u00e7lar\u0131n\u0131 imha ettiklerini belirtti<\/p>\n","protected":false},"author":1,"featured_media":0,"comment_status":"closed","ping_status":"closed","sticky":false,"template":"","format":"standard","meta":{"footnotes":""},"categories":[17991],"tags":[],"class_list":["post-72079","post","type-post","status-publish","format-standard","","category-son-dakika"],"_links":{"self":[{"href":"https:\/\/archive.sana.sy\/tr\/index.php?rest_route=\/wp\/v2\/posts\/72079","targetHints":{"allow":["GET"]}}],"collection":[{"href":"https:\/\/archive.sana.sy\/tr\/index.php?rest_route=\/wp\/v2\/posts"}],"about":[{"href":"https:\/\/archive.sana.sy\/tr\/index.php?rest_route=\/wp\/v2\/types\/post"}],"author":[{"embeddable":true,"href":"https:\/\/archive.sana.sy\/tr\/index.php?rest_route=\/wp\/v2\/users\/1"}],"replies":[{"embeddable":true,"href":"https:\/\/archive.sana.sy\/tr\/index.php?rest_route=%2Fwp%2Fv2%2Fcomments&post=72079"}],"version-history":[{"count":0,"href":"https:\/\/archive.sana.sy\/tr\/index.php?rest_route=\/wp\/v2\/posts\/72079\/revisions"}],"wp:attachment":[{"href":"https:\/\/archive.sana.sy\/tr\/index.php?rest_route=%2Fwp%2Fv2%2Fmedia&parent=72079"}],"wp:term":[{"taxonomy":"category","embeddable":true,"href":"https:\/\/archive.sana.sy\/tr\/index.php?rest_route=%2Fwp%2Fv2%2Fcategories&post=72079"},{"taxonomy":"post_tag","embeddable":true,"href":"https:\/\/archive.sana.sy\/tr\/index.php?rest_route=%2Fwp%2Fv2%2Ftags&post=72079"}],"curies":[{"name":"wp","href":"https:\/\/api.w.org\/{rel}","templated":true}]}}