{"id":72085,"date":"2016-05-07T11:02:44","date_gmt":"2016-05-07T08:02:44","guid":{"rendered":"http:\/\/www.sana.sy\/tr\/?p=72085"},"modified":"2016-05-07T13:04:51","modified_gmt":"2016-05-07T10:04:51","slug":"sanaya-aciklama-yapan-askeri-bir-kaynak-ordu-birliklerimizin-suveyda-kirsalinin-kuzeydogusu-recm-el-devle-koyunde-iside-ait-agir-silahlarla-donatilmis-2-araci-terorist-ekipleriyle-bi","status":"publish","type":"post","link":"https:\/\/archive.sana.sy\/tr\/?p=72085","title":{"rendered":"SANA\u2019ya a\u00e7\u0131klama yapan askeri bir kaynak ordu birliklerimizin S\u00fcveyda k\u0131rsal\u0131n\u0131n kuzeydo\u011fusu Recm el Devle K\u00f6y\u00fcnde I\u015e\u0130D\u2019e ait a\u011f\u0131r silahlarla donat\u0131lm\u0131\u015f 2 arac\u0131 ter\u00f6rist ekipleriyle birlikte imha ettiklerini belirtti"},"content":{"rendered":"<p>SANA\u2019ya a\u00e7\u0131klama yapan askeri bir kaynak ordu birliklerimizin S\u00fcveyda k\u0131rsal\u0131n\u0131n kuzeydo\u011fusu Recm el Devle K\u00f6y\u00fcnde I\u015e\u0130D\u2019e ait a\u011f\u0131r silahlarla donat\u0131lm\u0131\u015f 2 arac\u0131 ter\u00f6rist ekipleriyle birlikte imha ettiklerini belirtti<\/p>\n","protected":false},"excerpt":{"rendered":"<p>SANA\u2019ya a\u00e7\u0131klama yapan askeri bir kaynak ordu birliklerimizin S\u00fcveyda k\u0131rsal\u0131n\u0131n kuzeydo\u011fusu Recm el Devle K\u00f6y\u00fcnde I\u015e\u0130D\u2019e ait a\u011f\u0131r silahlarla donat\u0131lm\u0131\u015f 2 arac\u0131 ter\u00f6rist ekipleriyle birlikte imha ettiklerini belirtti<\/p>\n","protected":false},"author":1,"featured_media":0,"comment_status":"closed","ping_status":"closed","sticky":false,"template":"","format":"standard","meta":{"footnotes":""},"categories":[17991],"tags":[],"class_list":["post-72085","post","type-post","status-publish","format-standard","","category-son-dakika"],"_links":{"self":[{"href":"https:\/\/archive.sana.sy\/tr\/index.php?rest_route=\/wp\/v2\/posts\/72085","targetHints":{"allow":["GET"]}}],"collection":[{"href":"https:\/\/archive.sana.sy\/tr\/index.php?rest_route=\/wp\/v2\/posts"}],"about":[{"href":"https:\/\/archive.sana.sy\/tr\/index.php?rest_route=\/wp\/v2\/types\/post"}],"author":[{"embeddable":true,"href":"https:\/\/archive.sana.sy\/tr\/index.php?rest_route=\/wp\/v2\/users\/1"}],"replies":[{"embeddable":true,"href":"https:\/\/archive.sana.sy\/tr\/index.php?rest_route=%2Fwp%2Fv2%2Fcomments&post=72085"}],"version-history":[{"count":0,"href":"https:\/\/archive.sana.sy\/tr\/index.php?rest_route=\/wp\/v2\/posts\/72085\/revisions"}],"wp:attachment":[{"href":"https:\/\/archive.sana.sy\/tr\/index.php?rest_route=%2Fwp%2Fv2%2Fmedia&parent=72085"}],"wp:term":[{"taxonomy":"category","embeddable":true,"href":"https:\/\/archive.sana.sy\/tr\/index.php?rest_route=%2Fwp%2Fv2%2Fcategories&post=72085"},{"taxonomy":"post_tag","embeddable":true,"href":"https:\/\/archive.sana.sy\/tr\/index.php?rest_route=%2Fwp%2Fv2%2Ftags&post=72085"}],"curies":[{"name":"wp","href":"https:\/\/api.w.org\/{rel}","templated":true}]}}