{"id":72087,"date":"2016-05-07T12:04:38","date_gmt":"2016-05-07T09:04:38","guid":{"rendered":"http:\/\/www.sana.sy\/tr\/?p=72087"},"modified":"2016-05-07T13:31:16","modified_gmt":"2016-05-07T10:31:16","slug":"cumhurbaskani-el-esad-gecen-yillar-boyunca-suriyede-teroru-destekleyip-provoke-eden-bir-kisim-bolgesel-ve-evrensel-devletlerin-catismalari-durdurma-ve-siyasi-cozum-amacli-cabalara-ragmen-terore-des","status":"publish","type":"post","link":"https:\/\/archive.sana.sy\/tr\/?p=72087","title":{"rendered":"Cumhurba\u015fkan\u0131 el Esad ge\u00e7en y\u0131llar boyunca Suriye&#8217;de ter\u00f6r\u00fc destekleyip provoke eden bir k\u0131s\u0131m b\u00f6lgesel ve evrensel devletlerin, \u00e7at\u0131\u015fmalar\u0131 durdurma ve siyasi \u00e7\u00f6z\u00fcm ama\u00e7l\u0131 \u00e7abalara ra\u011fmen ter\u00f6re deste\u011fini ve \u00f6rt\u00fclerini gizli ve aleni bir \u015fekilde s\u00fcrd\u00fcrd\u00fcklerini vurgulad\u0131"},"content":{"rendered":"<p>Cumhurba\u015fkan\u0131 el Esad ge\u00e7en y\u0131llar boyunca Suriye&#8217;de ter\u00f6r\u00fc destekleyip provoke eden bir k\u0131s\u0131m b\u00f6lgesel ve evrensel devletlerin, \u00e7at\u0131\u015fmalar\u0131 durdurma ve siyasi \u00e7\u00f6z\u00fcm ama\u00e7l\u0131 \u00e7abalara ra\u011fmen ter\u00f6re deste\u011fini ve \u00f6rt\u00fclerini gizli ve aleni bir \u015fekilde s\u00fcrd\u00fcrd\u00fcklerini vurgulad\u0131<\/p>\n","protected":false},"excerpt":{"rendered":"<p>Cumhurba\u015fkan\u0131 el Esad ge\u00e7en y\u0131llar boyunca Suriye&#8217;de ter\u00f6r\u00fc destekleyip provoke eden bir k\u0131s\u0131m b\u00f6lgesel ve evrensel devletlerin, \u00e7at\u0131\u015fmalar\u0131 durdurma ve siyasi \u00e7\u00f6z\u00fcm ama\u00e7l\u0131 \u00e7abalara ra\u011fmen ter\u00f6re deste\u011fini ve \u00f6rt\u00fclerini gizli ve aleni bir \u015fekilde s\u00fcrd\u00fcrd\u00fcklerini vurgulad\u0131<\/p>\n","protected":false},"author":1,"featured_media":0,"comment_status":"closed","ping_status":"closed","sticky":false,"template":"","format":"standard","meta":{"footnotes":""},"categories":[17991],"tags":[],"class_list":["post-72087","post","type-post","status-publish","format-standard","","category-son-dakika"],"_links":{"self":[{"href":"https:\/\/archive.sana.sy\/tr\/index.php?rest_route=\/wp\/v2\/posts\/72087","targetHints":{"allow":["GET"]}}],"collection":[{"href":"https:\/\/archive.sana.sy\/tr\/index.php?rest_route=\/wp\/v2\/posts"}],"about":[{"href":"https:\/\/archive.sana.sy\/tr\/index.php?rest_route=\/wp\/v2\/types\/post"}],"author":[{"embeddable":true,"href":"https:\/\/archive.sana.sy\/tr\/index.php?rest_route=\/wp\/v2\/users\/1"}],"replies":[{"embeddable":true,"href":"https:\/\/archive.sana.sy\/tr\/index.php?rest_route=%2Fwp%2Fv2%2Fcomments&post=72087"}],"version-history":[{"count":0,"href":"https:\/\/archive.sana.sy\/tr\/index.php?rest_route=\/wp\/v2\/posts\/72087\/revisions"}],"wp:attachment":[{"href":"https:\/\/archive.sana.sy\/tr\/index.php?rest_route=%2Fwp%2Fv2%2Fmedia&parent=72087"}],"wp:term":[{"taxonomy":"category","embeddable":true,"href":"https:\/\/archive.sana.sy\/tr\/index.php?rest_route=%2Fwp%2Fv2%2Fcategories&post=72087"},{"taxonomy":"post_tag","embeddable":true,"href":"https:\/\/archive.sana.sy\/tr\/index.php?rest_route=%2Fwp%2Fv2%2Ftags&post=72087"}],"curies":[{"name":"wp","href":"https:\/\/api.w.org\/{rel}","templated":true}]}}