{"id":72095,"date":"2016-05-07T12:06:01","date_gmt":"2016-05-07T09:06:01","guid":{"rendered":"http:\/\/www.sana.sy\/tr\/?p=72095"},"modified":"2016-05-07T13:31:40","modified_gmt":"2016-05-07T10:31:40","slug":"iranin-suriye-halkina-destegindeki-sabit-tutumunun-tum-suriyeliler-tarafindan-takdire-sayan-goruldugunu-ifade-eden-el-esad-suriyeye-yonelik-yillar-suren-bu-savasta-iranin-tutumunu","status":"publish","type":"post","link":"https:\/\/archive.sana.sy\/tr\/?p=72095","title":{"rendered":"\u0130ran\u2019\u0131n Suriye halk\u0131na deste\u011findeki sabit tutumunun t\u00fcm Suriyeliler taraf\u0131ndan takdire \u015fayan g\u00f6r\u00fcld\u00fc\u011f\u00fcn\u00fc ifade eden el Esad; Suriye&#8217;ye y\u00f6nelik y\u0131llar s\u00fcren bu sava\u015fta \u0130ran\u2019\u0131n tutumunun, onlarca y\u0131la dayanan ikili derin ili\u015fkileri daha da peki\u015ftirdi\u011fini s\u00f6yledi"},"content":{"rendered":"<p>\u0130ran\u2019\u0131n Suriye halk\u0131na deste\u011findeki sabit tutumunun t\u00fcm Suriyeliler taraf\u0131ndan takdire \u015fayan g\u00f6r\u00fcld\u00fc\u011f\u00fcn\u00fc ifade eden el Esad; Suriye&#8217;ye y\u00f6nelik y\u0131llar s\u00fcren bu sava\u015fta \u0130ran\u2019\u0131n tutumunun, onlarca y\u0131la dayanan ikili derin ili\u015fkileri daha da peki\u015ftirdi\u011fini s\u00f6yledi<\/p>\n","protected":false},"excerpt":{"rendered":"<p>\u0130ran\u2019\u0131n Suriye halk\u0131na deste\u011findeki sabit tutumunun t\u00fcm Suriyeliler taraf\u0131ndan takdire \u015fayan g\u00f6r\u00fcld\u00fc\u011f\u00fcn\u00fc ifade eden el Esad; Suriye&#8217;ye y\u00f6nelik y\u0131llar s\u00fcren bu sava\u015fta \u0130ran\u2019\u0131n tutumunun, onlarca y\u0131la dayanan ikili derin ili\u015fkileri daha da peki\u015ftirdi\u011fini s\u00f6yledi<\/p>\n","protected":false},"author":1,"featured_media":0,"comment_status":"closed","ping_status":"closed","sticky":false,"template":"","format":"standard","meta":{"footnotes":""},"categories":[17991],"tags":[],"class_list":["post-72095","post","type-post","status-publish","format-standard","","category-son-dakika"],"_links":{"self":[{"href":"https:\/\/archive.sana.sy\/tr\/index.php?rest_route=\/wp\/v2\/posts\/72095","targetHints":{"allow":["GET"]}}],"collection":[{"href":"https:\/\/archive.sana.sy\/tr\/index.php?rest_route=\/wp\/v2\/posts"}],"about":[{"href":"https:\/\/archive.sana.sy\/tr\/index.php?rest_route=\/wp\/v2\/types\/post"}],"author":[{"embeddable":true,"href":"https:\/\/archive.sana.sy\/tr\/index.php?rest_route=\/wp\/v2\/users\/1"}],"replies":[{"embeddable":true,"href":"https:\/\/archive.sana.sy\/tr\/index.php?rest_route=%2Fwp%2Fv2%2Fcomments&post=72095"}],"version-history":[{"count":0,"href":"https:\/\/archive.sana.sy\/tr\/index.php?rest_route=\/wp\/v2\/posts\/72095\/revisions"}],"wp:attachment":[{"href":"https:\/\/archive.sana.sy\/tr\/index.php?rest_route=%2Fwp%2Fv2%2Fmedia&parent=72095"}],"wp:term":[{"taxonomy":"category","embeddable":true,"href":"https:\/\/archive.sana.sy\/tr\/index.php?rest_route=%2Fwp%2Fv2%2Fcategories&post=72095"},{"taxonomy":"post_tag","embeddable":true,"href":"https:\/\/archive.sana.sy\/tr\/index.php?rest_route=%2Fwp%2Fv2%2Ftags&post=72095"}],"curies":[{"name":"wp","href":"https:\/\/api.w.org\/{rel}","templated":true}]}}