{"id":72097,"date":"2016-05-07T12:15:27","date_gmt":"2016-05-07T09:15:27","guid":{"rendered":"http:\/\/www.sana.sy\/tr\/?p=72097"},"modified":"2016-05-07T13:32:08","modified_gmt":"2016-05-07T10:32:08","slug":"velayeti-devlet-ve-halk-olarak-iranin-suriyeye-her-turlu-destegini-surdurecegini-vurgularken-cunku-suriyenin-maruz-kaldigi-bu-hircin-savasin-sadece-suriyeyi-degil-tum-bolge-ve-halklar","status":"publish","type":"post","link":"https:\/\/archive.sana.sy\/tr\/?p=72097","title":{"rendered":"Velayeti devlet ve halk olarak \u0130ran\u2019\u0131n Suriye&#8217;ye her t\u00fcrl\u00fc deste\u011fini s\u00fcrd\u00fcrece\u011fini vurgularken, \u00e7\u00fcnk\u00fc Suriye&#8217;nin maruz kald\u0131\u011f\u0131 bu h\u0131r\u00e7\u0131n sava\u015f\u0131n sadece Suriye&#8217;yi de\u011fil, t\u00fcm b\u00f6lge ve halklar\u0131n\u0131 hedef ald\u0131\u011f\u0131n\u0131n alt\u0131n\u0131 \u00e7izdi"},"content":{"rendered":"<p>Velayeti devlet ve halk olarak \u0130ran\u2019\u0131n Suriye&#8217;ye her t\u00fcrl\u00fc deste\u011fini s\u00fcrd\u00fcrece\u011fini vurgularken, \u00e7\u00fcnk\u00fc Suriye&#8217;nin maruz kald\u0131\u011f\u0131 bu h\u0131r\u00e7\u0131n sava\u015f\u0131n sadece Suriye&#8217;yi de\u011fil, t\u00fcm b\u00f6lge ve halklar\u0131n\u0131 hedef ald\u0131\u011f\u0131n\u0131n alt\u0131n\u0131 \u00e7izdi<\/p>\n","protected":false},"excerpt":{"rendered":"<p>Velayeti devlet ve halk olarak \u0130ran\u2019\u0131n Suriye&#8217;ye her t\u00fcrl\u00fc deste\u011fini s\u00fcrd\u00fcrece\u011fini vurgularken, \u00e7\u00fcnk\u00fc Suriye&#8217;nin maruz kald\u0131\u011f\u0131 bu h\u0131r\u00e7\u0131n sava\u015f\u0131n sadece Suriye&#8217;yi de\u011fil, t\u00fcm b\u00f6lge ve halklar\u0131n\u0131 hedef ald\u0131\u011f\u0131n\u0131n alt\u0131n\u0131 \u00e7izdi<\/p>\n","protected":false},"author":1,"featured_media":0,"comment_status":"closed","ping_status":"closed","sticky":false,"template":"","format":"standard","meta":{"footnotes":""},"categories":[17991],"tags":[],"class_list":["post-72097","post","type-post","status-publish","format-standard","","category-son-dakika"],"_links":{"self":[{"href":"https:\/\/archive.sana.sy\/tr\/index.php?rest_route=\/wp\/v2\/posts\/72097","targetHints":{"allow":["GET"]}}],"collection":[{"href":"https:\/\/archive.sana.sy\/tr\/index.php?rest_route=\/wp\/v2\/posts"}],"about":[{"href":"https:\/\/archive.sana.sy\/tr\/index.php?rest_route=\/wp\/v2\/types\/post"}],"author":[{"embeddable":true,"href":"https:\/\/archive.sana.sy\/tr\/index.php?rest_route=\/wp\/v2\/users\/1"}],"replies":[{"embeddable":true,"href":"https:\/\/archive.sana.sy\/tr\/index.php?rest_route=%2Fwp%2Fv2%2Fcomments&post=72097"}],"version-history":[{"count":0,"href":"https:\/\/archive.sana.sy\/tr\/index.php?rest_route=\/wp\/v2\/posts\/72097\/revisions"}],"wp:attachment":[{"href":"https:\/\/archive.sana.sy\/tr\/index.php?rest_route=%2Fwp%2Fv2%2Fmedia&parent=72097"}],"wp:term":[{"taxonomy":"category","embeddable":true,"href":"https:\/\/archive.sana.sy\/tr\/index.php?rest_route=%2Fwp%2Fv2%2Fcategories&post=72097"},{"taxonomy":"post_tag","embeddable":true,"href":"https:\/\/archive.sana.sy\/tr\/index.php?rest_route=%2Fwp%2Fv2%2Ftags&post=72097"}],"curies":[{"name":"wp","href":"https:\/\/api.w.org\/{rel}","templated":true}]}}