{"id":72117,"date":"2016-05-07T12:00:04","date_gmt":"2016-05-07T09:00:04","guid":{"rendered":"http:\/\/sana.sy\/tr\/?p=72117"},"modified":"2016-05-08T10:53:37","modified_gmt":"2016-05-08T07:53:37","slug":"teroru-destekleyenler-filistin-davasini-tasfiye-edenlerin-aynisidir","status":"publish","type":"post","link":"https:\/\/archive.sana.sy\/tr\/?p=72117","title":{"rendered":"Ter\u00f6r\u00fc Destekleyenler, Filistin Davas\u0131n\u0131 Tasfiye Edenlerin Ayn\u0131s\u0131d\u0131r (video)"},"content":{"rendered":"<p>\u015eAM \u2013 Filistinli Geri D\u00f6n\u00fc\u015f Gen\u00e7lik Hareketi d\u0131\u015f destekli ter\u00f6ristlerin sald\u0131r\u0131lar\u0131na maruz kalan Halep ahalisinin yan\u0131 s\u0131ra bu ter\u00f6ristlere kar\u015f\u0131 sava\u015fan ordu birliklerimize destek amac\u0131yla bug\u00fcn \u2018\u015eam\u2019dan Halep\u2019e Kadar M\u00fccadele Yolu\u2019 slogan\u0131 alt\u0131nda kan ba\u011f\u0131\u015f\u0131 kampanyas\u0131 ba\u015flatt\u0131.<\/p>\n<p><a href=\"http:\/\/sana.sy\/tr\/wp-content\/uploads\/2016\/05\/kan-1.jpg\"><img loading=\"lazy\" decoding=\"async\" class=\"alignright wp-image-72119 size-medium\" src=\"http:\/\/sana.sy\/tr\/wp-content\/uploads\/2016\/05\/kan-1-300x200.jpg\" alt=\"kan 1\" width=\"300\" height=\"200\" srcset=\"https:\/\/archive.sana.sy\/tr\/wp-content\/uploads\/2016\/05\/kan-1-300x200.jpg 300w, https:\/\/archive.sana.sy\/tr\/wp-content\/uploads\/2016\/05\/kan-1-150x100.jpg 150w, https:\/\/archive.sana.sy\/tr\/wp-content\/uploads\/2016\/05\/kan-1-768x511.jpg 768w, https:\/\/archive.sana.sy\/tr\/wp-content\/uploads\/2016\/05\/kan-1-1024x681.jpg 1024w\" sizes=\"auto, (max-width: 300px) 100vw, 300px\" \/><\/a>\u2018Filistin&#8217;den Suriye&#8217;ye Kadar Hepimiz Direni\u015fiz\u2026 Halk\u0131m\u0131z Bir Kan\u0131m\u0131z Birdir\u2019 Faaliyetinin ilk etkinli\u011fi say\u0131lan ve \u015eam\u2019\u0131n Mezze Semtindeki Kan Bankas\u0131nda d\u00fczenlenen kampanyaya 150\u2019den fazla g\u00f6n\u00fcll\u00fc kat\u0131ld\u0131.<\/p>\n<p>Kampanya kat\u0131l\u0131mc\u0131lar\u0131 Suriye ve Filistin halk\u0131n\u0131n birli\u011fine vurgu yaparken, Suriye ve halk\u0131n\u0131n maruz kald\u0131klar\u0131 bu evrensel sava\u015f\u0131n temel nedenlerinden birinin de Suriye&#8217;nin Filistin halk\u0131 ve hakl\u0131 davalar\u0131ndan yana ilkeli tutumlar\u0131 oldu\u011funa dikkat \u00e7ekti. Kat\u0131l\u0131mc\u0131lar Suriye&#8217;de ter\u00f6r\u00fc destekleyen devletlerin, Filistin&#8217;de de Filistin davas\u0131n\u0131 \u0130srail lehine tasfiye eden taraflar\u0131n ayn\u0131s\u0131 oldu\u011funu vurgulad\u0131.<\/p>\n<p>Filistinli Geri D\u00f6n\u00fc\u015f Gen\u00e7li\u011fi Hareketinin Genel Sekreteri Fadi el Mellah SANA\u2019ya a\u00e7\u0131klamas\u0131nda; ter\u00f6re kar\u015f\u0131 onurlu bir m\u00fccadele veren Suriye ve ordusuna destek vermenin bir onur kayna\u011f\u0131 say\u0131lmas\u0131n\u0131n yan\u0131 s\u0131ra Filistin davas\u0131na deste\u011fine vefa borcu oldu\u011funu s\u00f6yledi.<\/p>\n<p>https:\/\/youtu.be\/u-JORf2QZzw<\/p>\n<div id='gallery-1' class='gallery galleryid-72117 gallery-columns-2 gallery-size-medium'><figure class='gallery-item'>\n\t\t\t<div class='gallery-icon landscape'>\n\t\t\t\t<a href='https:\/\/archive.sana.sy\/tr\/wp-content\/uploads\/2016\/05\/kan-2.jpg'><img loading=\"lazy\" decoding=\"async\" width=\"300\" height=\"207\" src=\"https:\/\/archive.sana.sy\/tr\/wp-content\/uploads\/2016\/05\/kan-2-300x207.jpg\" class=\"attachment-medium size-medium\" alt=\"\" srcset=\"https:\/\/archive.sana.sy\/tr\/wp-content\/uploads\/2016\/05\/kan-2-300x207.jpg 300w, https:\/\/archive.sana.sy\/tr\/wp-content\/uploads\/2016\/05\/kan-2-150x104.jpg 150w, https:\/\/archive.sana.sy\/tr\/wp-content\/uploads\/2016\/05\/kan-2-768x531.jpg 768w, https:\/\/archive.sana.sy\/tr\/wp-content\/uploads\/2016\/05\/kan-2-1024x708.jpg 1024w, https:\/\/archive.sana.sy\/tr\/wp-content\/uploads\/2016\/05\/kan-2-110x75.jpg 110w\" sizes=\"auto, (max-width: 300px) 100vw, 300px\" \/><\/a>\n\t\t\t<\/div><\/figure><figure class='gallery-item'>\n\t\t\t<div class='gallery-icon landscape'>\n\t\t\t\t<a href='https:\/\/archive.sana.sy\/tr\/wp-content\/uploads\/2016\/05\/kan-3.jpg'><img loading=\"lazy\" decoding=\"async\" width=\"300\" height=\"200\" src=\"https:\/\/archive.sana.sy\/tr\/wp-content\/uploads\/2016\/05\/kan-3-300x200.jpg\" class=\"attachment-medium size-medium\" alt=\"\" srcset=\"https:\/\/archive.sana.sy\/tr\/wp-content\/uploads\/2016\/05\/kan-3-300x200.jpg 300w, https:\/\/archive.sana.sy\/tr\/wp-content\/uploads\/2016\/05\/kan-3-150x100.jpg 150w, https:\/\/archive.sana.sy\/tr\/wp-content\/uploads\/2016\/05\/kan-3-768x511.jpg 768w, https:\/\/archive.sana.sy\/tr\/wp-content\/uploads\/2016\/05\/kan-3-1024x681.jpg 1024w\" sizes=\"auto, (max-width: 300px) 100vw, 300px\" \/><\/a>\n\t\t\t<\/div><\/figure><figure class='gallery-item'>\n\t\t\t<div class='gallery-icon landscape'>\n\t\t\t\t<a href='https:\/\/archive.sana.sy\/tr\/wp-content\/uploads\/2016\/05\/kan-4.jpg'><img loading=\"lazy\" decoding=\"async\" width=\"300\" height=\"190\" src=\"https:\/\/archive.sana.sy\/tr\/wp-content\/uploads\/2016\/05\/kan-4-300x190.jpg\" class=\"attachment-medium size-medium\" alt=\"\" srcset=\"https:\/\/archive.sana.sy\/tr\/wp-content\/uploads\/2016\/05\/kan-4-300x190.jpg 300w, https:\/\/archive.sana.sy\/tr\/wp-content\/uploads\/2016\/05\/kan-4-150x95.jpg 150w, https:\/\/archive.sana.sy\/tr\/wp-content\/uploads\/2016\/05\/kan-4-768x485.jpg 768w, https:\/\/archive.sana.sy\/tr\/wp-content\/uploads\/2016\/05\/kan-4-1024x647.jpg 1024w\" sizes=\"auto, (max-width: 300px) 100vw, 300px\" \/><\/a>\n\t\t\t<\/div><\/figure><figure class='gallery-item'>\n\t\t\t<div class='gallery-icon landscape'>\n\t\t\t\t<a href='https:\/\/archive.sana.sy\/tr\/wp-content\/uploads\/2016\/05\/kan-5.jpg'><img loading=\"lazy\" decoding=\"async\" width=\"300\" height=\"200\" src=\"https:\/\/archive.sana.sy\/tr\/wp-content\/uploads\/2016\/05\/kan-5-300x200.jpg\" class=\"attachment-medium size-medium\" alt=\"\" srcset=\"https:\/\/archive.sana.sy\/tr\/wp-content\/uploads\/2016\/05\/kan-5-300x200.jpg 300w, https:\/\/archive.sana.sy\/tr\/wp-content\/uploads\/2016\/05\/kan-5-150x100.jpg 150w, https:\/\/archive.sana.sy\/tr\/wp-content\/uploads\/2016\/05\/kan-5-768x511.jpg 768w, https:\/\/archive.sana.sy\/tr\/wp-content\/uploads\/2016\/05\/kan-5-1024x681.jpg 1024w\" sizes=\"auto, (max-width: 300px) 100vw, 300px\" \/><\/a>\n\t\t\t<\/div><\/figure>\n\t\t<\/div>\n\n<p>https:\/\/www.youtube.com\/watch?v=loJ6yUDXESE<\/p>\n","protected":false},"excerpt":{"rendered":"<p>\u015eAM \u2013 Filistinli Geri D\u00f6n\u00fc\u015f Gen\u00e7lik Hareketi d\u0131\u015f destekli ter\u00f6ristlerin sald\u0131r\u0131lar\u0131na maruz kalan Halep ahalisinin yan\u0131 s\u0131ra bu ter\u00f6ristlere kar\u015f\u0131 sava\u015fan ordu birliklerimize destek amac\u0131yla bug\u00fcn \u2018\u015eam\u2019dan Halep\u2019e Kadar M\u00fccadele Yolu\u2019 slogan\u0131 alt\u0131nda kan ba\u011f\u0131\u015f\u0131 kampanyas\u0131 ba\u015flatt\u0131. \u2018Filistin&#8217;den Suriye&#8217;ye Kadar Hepimiz Direni\u015fiz\u2026 Halk\u0131m\u0131z Bir Kan\u0131m\u0131z Birdir\u2019 Faaliyetinin ilk etkinli\u011fi say\u0131lan ve \u015eam\u2019\u0131n Mezze Semtindeki Kan &hellip;<\/p>\n","protected":false},"author":1,"featured_media":72118,"comment_status":"closed","ping_status":"closed","sticky":false,"template":"","format":"standard","meta":{"footnotes":""},"categories":[479,17988,478],"tags":[],"class_list":["post-72117","post","type-post","status-publish","format-standard","has-post-thumbnail","","category-haberler-yerel","category-son-haberler","category-yerel"],"_links":{"self":[{"href":"https:\/\/archive.sana.sy\/tr\/index.php?rest_route=\/wp\/v2\/posts\/72117","targetHints":{"allow":["GET"]}}],"collection":[{"href":"https:\/\/archive.sana.sy\/tr\/index.php?rest_route=\/wp\/v2\/posts"}],"about":[{"href":"https:\/\/archive.sana.sy\/tr\/index.php?rest_route=\/wp\/v2\/types\/post"}],"author":[{"embeddable":true,"href":"https:\/\/archive.sana.sy\/tr\/index.php?rest_route=\/wp\/v2\/users\/1"}],"replies":[{"embeddable":true,"href":"https:\/\/archive.sana.sy\/tr\/index.php?rest_route=%2Fwp%2Fv2%2Fcomments&post=72117"}],"version-history":[{"count":0,"href":"https:\/\/archive.sana.sy\/tr\/index.php?rest_route=\/wp\/v2\/posts\/72117\/revisions"}],"wp:featuredmedia":[{"embeddable":true,"href":"https:\/\/archive.sana.sy\/tr\/index.php?rest_route=\/wp\/v2\/media\/72118"}],"wp:attachment":[{"href":"https:\/\/archive.sana.sy\/tr\/index.php?rest_route=%2Fwp%2Fv2%2Fmedia&parent=72117"}],"wp:term":[{"taxonomy":"category","embeddable":true,"href":"https:\/\/archive.sana.sy\/tr\/index.php?rest_route=%2Fwp%2Fv2%2Fcategories&post=72117"},{"taxonomy":"post_tag","embeddable":true,"href":"https:\/\/archive.sana.sy\/tr\/index.php?rest_route=%2Fwp%2Fv2%2Ftags&post=72117"}],"curies":[{"name":"wp","href":"https:\/\/api.w.org\/{rel}","templated":true}]}}