{"id":7217,"date":"2014-08-13T17:21:37","date_gmt":"2014-08-13T14:21:37","guid":{"rendered":"http:\/\/www.sana.sy\/tr\/?p=7217"},"modified":"2014-08-13T17:21:37","modified_gmt":"2014-08-13T14:21:37","slug":"yeni-bir-havayolu-sirketi-kuruluyor","status":"publish","type":"post","link":"https:\/\/archive.sana.sy\/tr\/?p=7217","title":{"rendered":"Yeni Bir Havayolu \u015eirketi Kuruluyor"},"content":{"rendered":"<p>\u015eAM \u2013 Suriye Seyahat \u015eirketi M\u00fcd\u00fcr\u00fc Nas\u0131r Kedban \u015firket y\u00f6netim kurulu ba\u015fkanl\u0131\u011f\u0131n\u0131n ekonomik fayda sa\u011flayacak t\u00fcm hatlar \u00fczerinde u\u00e7ak seferleri yapacak Flay Syria Havayollar\u0131 \u015eirketi ad\u0131 alt\u0131nda bir \u015firketin kurulmas\u0131n\u0131 onaylad\u0131\u011f\u0131n\u0131 a\u00e7\u0131klad\u0131.<\/p>\n<p>Kedban 3 milyon dolar anaparayla te\u015fkil edilecek \u015firkette ba\u015flang\u0131\u00e7 olarak 2 yolcu u\u00e7a\u011f\u0131 ve 1 kargo u\u00e7a\u011f\u0131n\u0131n yer alaca\u011f\u0131n\u0131 ifade ederken, \u015firket u\u00e7aklar\u0131n\u0131n 40 ula\u015ft\u0131r\u0131laca\u011f\u0131n\u0131 s\u00f6yledi.<\/p>\n<p>\u0130lk ba\u015flarda daha fazla yolcu u\u00e7aklar\u0131n\u0131n da kiralan\u0131laca\u011f\u0131n\u0131 ifade eden Kedban, kiralama i\u015flemlerinde sorun olmas\u0131 halinde anapara miktar\u0131n\u0131n artt\u0131r\u0131l\u0131p Rusya\u2019dan u\u00e7ak sat\u0131n al\u0131naca\u011f\u0131n\u0131 belirtti.<\/p>\n<p>&nbsp;<\/p>\n","protected":false},"excerpt":{"rendered":"<p>\u015eAM \u2013 Suriye Seyahat \u015eirketi M\u00fcd\u00fcr\u00fc Nas\u0131r Kedban \u015firket y\u00f6netim kurulu ba\u015fkanl\u0131\u011f\u0131n\u0131n ekonomik fayda sa\u011flayacak t\u00fcm hatlar \u00fczerinde u\u00e7ak seferleri yapacak Flay Syria Havayollar\u0131 \u015eirketi ad\u0131 alt\u0131nda bir \u015firketin kurulmas\u0131n\u0131 onaylad\u0131\u011f\u0131n\u0131 a\u00e7\u0131klad\u0131. Kedban 3 milyon dolar anaparayla te\u015fkil edilecek \u015firkette ba\u015flang\u0131\u00e7 olarak 2 yolcu u\u00e7a\u011f\u0131 ve 1 kargo u\u00e7a\u011f\u0131n\u0131n yer alaca\u011f\u0131n\u0131 ifade ederken, \u015firket u\u00e7aklar\u0131n\u0131n &hellip;<\/p>\n","protected":false},"author":1,"featured_media":7218,"comment_status":"closed","ping_status":"closed","sticky":false,"template":"","format":"standard","meta":{"footnotes":""},"categories":[485],"tags":[1616],"class_list":["post-7217","post","type-post","status-publish","format-standard","has-post-thumbnail","","category-is-ve-sermaye","tag-yeni-bir-havayolu-sirketi-kuruluyor"],"_links":{"self":[{"href":"https:\/\/archive.sana.sy\/tr\/index.php?rest_route=\/wp\/v2\/posts\/7217","targetHints":{"allow":["GET"]}}],"collection":[{"href":"https:\/\/archive.sana.sy\/tr\/index.php?rest_route=\/wp\/v2\/posts"}],"about":[{"href":"https:\/\/archive.sana.sy\/tr\/index.php?rest_route=\/wp\/v2\/types\/post"}],"author":[{"embeddable":true,"href":"https:\/\/archive.sana.sy\/tr\/index.php?rest_route=\/wp\/v2\/users\/1"}],"replies":[{"embeddable":true,"href":"https:\/\/archive.sana.sy\/tr\/index.php?rest_route=%2Fwp%2Fv2%2Fcomments&post=7217"}],"version-history":[{"count":0,"href":"https:\/\/archive.sana.sy\/tr\/index.php?rest_route=\/wp\/v2\/posts\/7217\/revisions"}],"wp:featuredmedia":[{"embeddable":true,"href":"https:\/\/archive.sana.sy\/tr\/index.php?rest_route=\/wp\/v2\/media\/7218"}],"wp:attachment":[{"href":"https:\/\/archive.sana.sy\/tr\/index.php?rest_route=%2Fwp%2Fv2%2Fmedia&parent=7217"}],"wp:term":[{"taxonomy":"category","embeddable":true,"href":"https:\/\/archive.sana.sy\/tr\/index.php?rest_route=%2Fwp%2Fv2%2Fcategories&post=7217"},{"taxonomy":"post_tag","embeddable":true,"href":"https:\/\/archive.sana.sy\/tr\/index.php?rest_route=%2Fwp%2Fv2%2Ftags&post=7217"}],"curies":[{"name":"wp","href":"https:\/\/api.w.org\/{rel}","templated":true}]}}