{"id":7228,"date":"2014-08-13T14:00:51","date_gmt":"2014-08-13T11:00:51","guid":{"rendered":"http:\/\/www.sana.sy\/tr\/?p=7228"},"modified":"2014-08-14T16:48:41","modified_gmt":"2014-08-14T13:48:41","slug":"silahlariyla-teslim-olan-71-kisi-serbest-birakildi","status":"publish","type":"post","link":"https:\/\/archive.sana.sy\/tr\/?p=7228","title":{"rendered":"Silahlar\u0131yla Teslim Olan 71 Ki\u015fi Serbest B\u0131rak\u0131ld\u0131"},"content":{"rendered":"<p>\u0130LLER \u2013 \u0130lgili kurumlar bug\u00fcn Uzla\u015fma \u0130\u00e7in Ulusal Bulu\u015fma Komitesi ile i\u015fbirli\u011fi i\u00e7inde Homs ilinin Telbise ve Ksayr kentlerine ilaveten Menzul K\u00f6y\u00fcnden silahlar\u0131yla teslim olan 61 ki\u015fi hakk\u0131ndaki yarg\u0131sal i\u015flemleri d\u00fczeltip serbest b\u0131rakt\u0131.<\/p>\n<p>Bir hafta \u00f6nce ise Homs Kenti ve k\u0131rsal\u0131n\u0131n muhtelif b\u00f6lgelerinden 21 ki\u015fi benzer ko\u015fullarda serbest b\u0131rak\u0131lm\u0131\u015flard\u0131.<\/p>\n<p>\u015eam \u00c7evre Kent Emniyet M\u00fcd\u00fcrl\u00fc\u011f\u00fcnde bir kaynak ise \u015eam k\u0131rsal\u0131 Kenakir B\u00f6lgesinden yine 10 ki\u015finin bug\u00fcn silahlar\u0131yla teslim olmalar\u0131 ve yeniden ulusal g\u00fcvenli\u011fi sarsacak eylemlere kat\u0131lmama taahh\u00fcd\u00fc imzalamalar\u0131 ard\u0131ndan serbest b\u0131rak\u0131ld\u0131klar\u0131n\u0131 belirtti.<\/p>\n<p>Yakla\u015f\u0131k bir hafta \u00f6nce de \u015eam k\u0131rsal\u0131 Beyt Sahm B\u00f6lgesinden 80 ki\u015fi yine silahlar\u0131yla teslim olmu\u015f ve daha sonra serbest b\u0131rak\u0131lm\u0131\u015flard\u0131.<\/p>\n","protected":false},"excerpt":{"rendered":"<p>\u0130LLER \u2013 \u0130lgili kurumlar bug\u00fcn Uzla\u015fma \u0130\u00e7in Ulusal Bulu\u015fma Komitesi ile i\u015fbirli\u011fi i\u00e7inde Homs ilinin Telbise ve Ksayr kentlerine ilaveten Menzul K\u00f6y\u00fcnden silahlar\u0131yla teslim olan 61 ki\u015fi hakk\u0131ndaki yarg\u0131sal i\u015flemleri d\u00fczeltip serbest b\u0131rakt\u0131. Bir hafta \u00f6nce ise Homs Kenti ve k\u0131rsal\u0131n\u0131n muhtelif b\u00f6lgelerinden 21 ki\u015fi benzer ko\u015fullarda serbest b\u0131rak\u0131lm\u0131\u015flard\u0131. \u015eam \u00c7evre Kent Emniyet M\u00fcd\u00fcrl\u00fc\u011f\u00fcnde bir &hellip;<\/p>\n","protected":false},"author":1,"featured_media":7229,"comment_status":"closed","ping_status":"closed","sticky":false,"template":"","format":"standard","meta":{"footnotes":""},"categories":[479,575,478],"tags":[1618],"class_list":["post-7228","post","type-post","status-publish","format-standard","has-post-thumbnail","","category-haberler-yerel","category-olaylar-ve-gercekler","category-yerel","tag-silahlariyla-teslim-olan-71-kisi-serbest-birakildi"],"_links":{"self":[{"href":"https:\/\/archive.sana.sy\/tr\/index.php?rest_route=\/wp\/v2\/posts\/7228","targetHints":{"allow":["GET"]}}],"collection":[{"href":"https:\/\/archive.sana.sy\/tr\/index.php?rest_route=\/wp\/v2\/posts"}],"about":[{"href":"https:\/\/archive.sana.sy\/tr\/index.php?rest_route=\/wp\/v2\/types\/post"}],"author":[{"embeddable":true,"href":"https:\/\/archive.sana.sy\/tr\/index.php?rest_route=\/wp\/v2\/users\/1"}],"replies":[{"embeddable":true,"href":"https:\/\/archive.sana.sy\/tr\/index.php?rest_route=%2Fwp%2Fv2%2Fcomments&post=7228"}],"version-history":[{"count":0,"href":"https:\/\/archive.sana.sy\/tr\/index.php?rest_route=\/wp\/v2\/posts\/7228\/revisions"}],"wp:featuredmedia":[{"embeddable":true,"href":"https:\/\/archive.sana.sy\/tr\/index.php?rest_route=\/wp\/v2\/media\/7229"}],"wp:attachment":[{"href":"https:\/\/archive.sana.sy\/tr\/index.php?rest_route=%2Fwp%2Fv2%2Fmedia&parent=7228"}],"wp:term":[{"taxonomy":"category","embeddable":true,"href":"https:\/\/archive.sana.sy\/tr\/index.php?rest_route=%2Fwp%2Fv2%2Fcategories&post=7228"},{"taxonomy":"post_tag","embeddable":true,"href":"https:\/\/archive.sana.sy\/tr\/index.php?rest_route=%2Fwp%2Fv2%2Ftags&post=7228"}],"curies":[{"name":"wp","href":"https:\/\/api.w.org\/{rel}","templated":true}]}}