{"id":72288,"date":"2016-05-08T09:12:09","date_gmt":"2016-05-08T06:12:09","guid":{"rendered":"http:\/\/www.sana.sy\/tr\/?p=72288"},"modified":"2016-05-08T14:28:11","modified_gmt":"2016-05-08T11:28:11","slug":"askeri-bir-kaynak-sanaya-aciklamasinda-hava-guclerimizin-homs-kirsalinin-dogusu-cezl-petrol-sahasinin-dogusuna-ilaveten-mehr-petrol-sahasinin-kuzey-ve-batisinda-iside-ait-terorist-v","status":"publish","type":"post","link":"https:\/\/archive.sana.sy\/tr\/?p=72288","title":{"rendered":"Askeri bir kaynak SANA\u2019ya a\u00e7\u0131klamas\u0131nda hava g\u00fc\u00e7lerimizin Homs k\u0131rsal\u0131n\u0131n do\u011fusu Cezl Petrol Sahas\u0131n\u0131n do\u011fusuna ilaveten Mehr Petrol sahas\u0131n\u0131n  kuzey ve bat\u0131s\u0131nda I\u015e\u0130D\u2019e ait ter\u00f6rist ve cephane ta\u015f\u0131yan onlarca arac\u0131 imha ettiklerini belirtti"},"content":{"rendered":"<p>Askeri bir kaynak SANA\u2019ya a\u00e7\u0131klamas\u0131nda hava g\u00fc\u00e7lerimizin Homs k\u0131rsal\u0131n\u0131n do\u011fusu Cezl Petrol Sahas\u0131n\u0131n do\u011fusuna ilaveten Mehr Petrol sahas\u0131n\u0131n \u00a0kuzey ve bat\u0131s\u0131nda I\u015e\u0130D\u2019e ait ter\u00f6rist ve cephane ta\u015f\u0131yan onlarca arac\u0131 imha ettiklerini belirtti<\/p>\n","protected":false},"excerpt":{"rendered":"<p>Askeri bir kaynak SANA\u2019ya a\u00e7\u0131klamas\u0131nda hava g\u00fc\u00e7lerimizin Homs k\u0131rsal\u0131n\u0131n do\u011fusu Cezl Petrol Sahas\u0131n\u0131n do\u011fusuna ilaveten Mehr Petrol sahas\u0131n\u0131n \u00a0kuzey ve bat\u0131s\u0131nda I\u015e\u0130D\u2019e ait ter\u00f6rist ve cephane ta\u015f\u0131yan onlarca arac\u0131 imha ettiklerini belirtti<\/p>\n","protected":false},"author":1,"featured_media":0,"comment_status":"closed","ping_status":"closed","sticky":false,"template":"","format":"standard","meta":{"footnotes":""},"categories":[17991],"tags":[],"class_list":["post-72288","post","type-post","status-publish","format-standard","","category-son-dakika"],"_links":{"self":[{"href":"https:\/\/archive.sana.sy\/tr\/index.php?rest_route=\/wp\/v2\/posts\/72288","targetHints":{"allow":["GET"]}}],"collection":[{"href":"https:\/\/archive.sana.sy\/tr\/index.php?rest_route=\/wp\/v2\/posts"}],"about":[{"href":"https:\/\/archive.sana.sy\/tr\/index.php?rest_route=\/wp\/v2\/types\/post"}],"author":[{"embeddable":true,"href":"https:\/\/archive.sana.sy\/tr\/index.php?rest_route=\/wp\/v2\/users\/1"}],"replies":[{"embeddable":true,"href":"https:\/\/archive.sana.sy\/tr\/index.php?rest_route=%2Fwp%2Fv2%2Fcomments&post=72288"}],"version-history":[{"count":0,"href":"https:\/\/archive.sana.sy\/tr\/index.php?rest_route=\/wp\/v2\/posts\/72288\/revisions"}],"wp:attachment":[{"href":"https:\/\/archive.sana.sy\/tr\/index.php?rest_route=%2Fwp%2Fv2%2Fmedia&parent=72288"}],"wp:term":[{"taxonomy":"category","embeddable":true,"href":"https:\/\/archive.sana.sy\/tr\/index.php?rest_route=%2Fwp%2Fv2%2Fcategories&post=72288"},{"taxonomy":"post_tag","embeddable":true,"href":"https:\/\/archive.sana.sy\/tr\/index.php?rest_route=%2Fwp%2Fv2%2Ftags&post=72288"}],"curies":[{"name":"wp","href":"https:\/\/api.w.org\/{rel}","templated":true}]}}