{"id":72303,"date":"2016-05-08T11:01:46","date_gmt":"2016-05-08T08:01:46","guid":{"rendered":"http:\/\/www.sana.sy\/tr\/?p=72303"},"modified":"2016-05-08T15:49:34","modified_gmt":"2016-05-08T12:49:34","slug":"halep-il-emniyet-mudurlugunde-yetkili-bir-kaynak-sanaya-aciklamasinda-teroristlerin-bugun-oglen-saatlerinde-halep-kentinin-zehra-cemiyeti-ramusa-esad-banliyosu-kerm-el-cebel-sivil-yerlesi","status":"publish","type":"post","link":"https:\/\/archive.sana.sy\/tr\/?p=72303","title":{"rendered":"Halep \u0130l Emniyet M\u00fcd\u00fcrl\u00fc\u011f\u00fcnde yetkili bir kaynak SANA\u2019ya a\u00e7\u0131klamas\u0131nda; ter\u00f6ristlerin bug\u00fcn \u00f6\u011flen saatlerinde Halep Kentinin Zehra Cemiyeti, Ramusa, Esad Banliy\u00f6s\u00fc, Kerm el Cebel sivil yerle\u015fim alanlar\u0131na f\u00fczelerle sald\u0131rd\u0131klar\u0131n\u0131 belirtirken, sald\u0131r\u0131larda \u00f6zel ve kamu m\u00fclklerde b\u00fcy\u00fck hasarlar\u0131n olu\u015ftu\u011funu s\u00f6yledi"},"content":{"rendered":"<p>Halep \u0130l Emniyet M\u00fcd\u00fcrl\u00fc\u011f\u00fcnde yetkili bir kaynak SANA\u2019ya a\u00e7\u0131klamas\u0131nda; ter\u00f6ristlerin bug\u00fcn \u00f6\u011flen saatlerinde Halep Kentinin Zehra Cemiyeti, Ramusa, Esad Banliy\u00f6s\u00fc, Kerm el Cebel sivil yerle\u015fim alanlar\u0131na f\u00fczelerle sald\u0131rd\u0131klar\u0131n\u0131 belirtirken, sald\u0131r\u0131larda \u00f6zel ve kamu m\u00fclklerde b\u00fcy\u00fck hasarlar\u0131n olu\u015ftu\u011funu s\u00f6yledi<\/p>\n","protected":false},"excerpt":{"rendered":"<p>Halep \u0130l Emniyet M\u00fcd\u00fcrl\u00fc\u011f\u00fcnde yetkili bir kaynak SANA\u2019ya a\u00e7\u0131klamas\u0131nda; ter\u00f6ristlerin bug\u00fcn \u00f6\u011flen saatlerinde Halep Kentinin Zehra Cemiyeti, Ramusa, Esad Banliy\u00f6s\u00fc, Kerm el Cebel sivil yerle\u015fim alanlar\u0131na f\u00fczelerle sald\u0131rd\u0131klar\u0131n\u0131 belirtirken, sald\u0131r\u0131larda \u00f6zel ve kamu m\u00fclklerde b\u00fcy\u00fck hasarlar\u0131n olu\u015ftu\u011funu s\u00f6yledi<\/p>\n","protected":false},"author":1,"featured_media":0,"comment_status":"closed","ping_status":"closed","sticky":false,"template":"","format":"standard","meta":{"footnotes":""},"categories":[17991],"tags":[],"class_list":["post-72303","post","type-post","status-publish","format-standard","","category-son-dakika"],"_links":{"self":[{"href":"https:\/\/archive.sana.sy\/tr\/index.php?rest_route=\/wp\/v2\/posts\/72303","targetHints":{"allow":["GET"]}}],"collection":[{"href":"https:\/\/archive.sana.sy\/tr\/index.php?rest_route=\/wp\/v2\/posts"}],"about":[{"href":"https:\/\/archive.sana.sy\/tr\/index.php?rest_route=\/wp\/v2\/types\/post"}],"author":[{"embeddable":true,"href":"https:\/\/archive.sana.sy\/tr\/index.php?rest_route=\/wp\/v2\/users\/1"}],"replies":[{"embeddable":true,"href":"https:\/\/archive.sana.sy\/tr\/index.php?rest_route=%2Fwp%2Fv2%2Fcomments&post=72303"}],"version-history":[{"count":0,"href":"https:\/\/archive.sana.sy\/tr\/index.php?rest_route=\/wp\/v2\/posts\/72303\/revisions"}],"wp:attachment":[{"href":"https:\/\/archive.sana.sy\/tr\/index.php?rest_route=%2Fwp%2Fv2%2Fmedia&parent=72303"}],"wp:term":[{"taxonomy":"category","embeddable":true,"href":"https:\/\/archive.sana.sy\/tr\/index.php?rest_route=%2Fwp%2Fv2%2Fcategories&post=72303"},{"taxonomy":"post_tag","embeddable":true,"href":"https:\/\/archive.sana.sy\/tr\/index.php?rest_route=%2Fwp%2Fv2%2Ftags&post=72303"}],"curies":[{"name":"wp","href":"https:\/\/api.w.org\/{rel}","templated":true}]}}