{"id":72305,"date":"2016-05-08T15:27:38","date_gmt":"2016-05-08T12:27:38","guid":{"rendered":"http:\/\/sana.sy\/tr\/?p=72305"},"modified":"2016-05-09T15:13:53","modified_gmt":"2016-05-09T12:13:53","slug":"suriye-belarus-toplanti-tutanagini-imzaladi","status":"publish","type":"post","link":"https:\/\/archive.sana.sy\/tr\/?p=72305","title":{"rendered":"Suriye Belarus Toplant\u0131 Tutana\u011f\u0131n\u0131 \u0130mzalad\u0131"},"content":{"rendered":"<p>M\u0130NSK \u2013 Suriye \u2013 Belarus Ortak \u00c7al\u0131\u015fma Grubunun ba\u015fkent Minsk\u2019te d\u00fczenledi\u011fi oturumlar bitiminde Suriye heyeti ba\u015fkan\u0131 Sanayi Bakan\u0131 Nidal Falluh ve Belarus heyeti ba\u015fkan\u0131 Sanayi Bakan\u0131 Yard\u0131mc\u0131s\u0131 Dmitry Korchak toplant\u0131 tutana\u011f\u0131n\u0131 imzalad\u0131lar.<\/p>\n<p>Sanayi, ekonomi ve ticari alanlarda ikili ili\u015fkileri geli\u015ftirme ama\u00e7l\u0131 toplant\u0131 tutanaklar\u0131n\u0131n imzalanmas\u0131 ard\u0131ndan Korchak; iki \u00fclke aras\u0131nda g\u00fczel ve geni\u015f ili\u015fkilerin bulundu\u011funa i\u015faret etti. Korchak bu ili\u015fkileri iki dost halklar\u0131n \u00e7\u0131karlar\u0131 do\u011frultusunda yeniden yap\u0131land\u0131rmakla birlikte derinle\u015ftirme ve geni\u015fletme \u00f6neminin alt\u0131n\u0131 \u00e7izdi.<\/p>\n<p>Toplant\u0131larda ortak bir trakt\u00f6r fabrikas\u0131n\u0131n kurulmas\u0131 ve daha ba\u015fka projelerin de\u011ferlendirildi\u011fini ifade eden Korchak; \u00fclkesinin Suriye ile ili\u015fkilerini muhtelif alanlarda geli\u015ftirmeye ve ortak \u00e7al\u0131\u015fmalarda bulunmaya haz\u0131r oldu\u011funu belirtti.<\/p>\n<p>Suriye heyeti ba\u015fkan\u0131 Felluh ise; i\u015f gezisi kapsam\u0131nda bir dizi \u00f6nemli temaslarda bulunduklar\u0131n\u0131 ve gayet \u00f6nemli sonu\u00e7lar ald\u0131klar\u0131n\u0131 s\u00f6yledi. Felluh var\u0131lan anla\u015fmalar\u0131n hayata ge\u00e7irilmesi amac\u0131yla en k\u0131sa s\u00fcre i\u00e7inde pratik ad\u0131mlar ve icraatlara ba\u015flan\u0131laca\u011f\u0131n\u0131 s\u00f6yledi.<\/p>\n","protected":false},"excerpt":{"rendered":"<p>M\u0130NSK \u2013 Suriye \u2013 Belarus Ortak \u00c7al\u0131\u015fma Grubunun ba\u015fkent Minsk\u2019te d\u00fczenledi\u011fi oturumlar bitiminde Suriye heyeti ba\u015fkan\u0131 Sanayi Bakan\u0131 Nidal Falluh ve Belarus heyeti ba\u015fkan\u0131 Sanayi Bakan\u0131 Yard\u0131mc\u0131s\u0131 Dmitry Korchak toplant\u0131 tutana\u011f\u0131n\u0131 imzalad\u0131lar. Sanayi, ekonomi ve ticari alanlarda ikili ili\u015fkileri geli\u015ftirme ama\u00e7l\u0131 toplant\u0131 tutanaklar\u0131n\u0131n imzalanmas\u0131 ard\u0131ndan Korchak; iki \u00fclke aras\u0131nda g\u00fczel ve geni\u015f ili\u015fkilerin bulundu\u011funa i\u015faret &hellip;<\/p>\n","protected":false},"author":1,"featured_media":72306,"comment_status":"closed","ping_status":"closed","sticky":false,"template":"","format":"standard","meta":{"footnotes":""},"categories":[458,485,486,459,17988],"tags":[],"class_list":["post-72305","post","type-post","status-publish","format-standard","has-post-thumbnail","","category-dunya1","category-is-ve-sermaye","category-haberler-is-ve-sermaye","category-haberler-arap-uluslararasi-politika","category-son-haberler"],"_links":{"self":[{"href":"https:\/\/archive.sana.sy\/tr\/index.php?rest_route=\/wp\/v2\/posts\/72305","targetHints":{"allow":["GET"]}}],"collection":[{"href":"https:\/\/archive.sana.sy\/tr\/index.php?rest_route=\/wp\/v2\/posts"}],"about":[{"href":"https:\/\/archive.sana.sy\/tr\/index.php?rest_route=\/wp\/v2\/types\/post"}],"author":[{"embeddable":true,"href":"https:\/\/archive.sana.sy\/tr\/index.php?rest_route=\/wp\/v2\/users\/1"}],"replies":[{"embeddable":true,"href":"https:\/\/archive.sana.sy\/tr\/index.php?rest_route=%2Fwp%2Fv2%2Fcomments&post=72305"}],"version-history":[{"count":0,"href":"https:\/\/archive.sana.sy\/tr\/index.php?rest_route=\/wp\/v2\/posts\/72305\/revisions"}],"wp:featuredmedia":[{"embeddable":true,"href":"https:\/\/archive.sana.sy\/tr\/index.php?rest_route=\/wp\/v2\/media\/72306"}],"wp:attachment":[{"href":"https:\/\/archive.sana.sy\/tr\/index.php?rest_route=%2Fwp%2Fv2%2Fmedia&parent=72305"}],"wp:term":[{"taxonomy":"category","embeddable":true,"href":"https:\/\/archive.sana.sy\/tr\/index.php?rest_route=%2Fwp%2Fv2%2Fcategories&post=72305"},{"taxonomy":"post_tag","embeddable":true,"href":"https:\/\/archive.sana.sy\/tr\/index.php?rest_route=%2Fwp%2Fv2%2Ftags&post=72305"}],"curies":[{"name":"wp","href":"https:\/\/api.w.org\/{rel}","templated":true}]}}