{"id":72311,"date":"2016-05-08T15:49:04","date_gmt":"2016-05-08T12:49:04","guid":{"rendered":"http:\/\/sana.sy\/tr\/?p=72311"},"modified":"2016-05-09T15:13:49","modified_gmt":"2016-05-09T12:13:49","slug":"halepte-sivil-yerlesim-alanlarina-gelisiguzel-saldirilarini-surduruyorlar","status":"publish","type":"post","link":"https:\/\/archive.sana.sy\/tr\/?p=72311","title":{"rendered":"Halep\u2019te Sivil Yerle\u015fim Alanlar\u0131na Geli\u015fig\u00fczel Sald\u0131r\u0131lar\u0131n\u0131 S\u00fcrd\u00fcr\u00fcyorlar"},"content":{"rendered":"<p>HALEP \u2013 Erdo\u011fan ve Al Suud rejimlerinin destek ve talimatlar\u0131yla savunmas\u0131z sivil insanlara kar\u015f\u0131 vah\u015fetlerini s\u00fcrd\u00fcren ter\u00f6r \u00f6rg\u00fctleri Halep\u2019te ilan edilen yat\u0131\u015ft\u0131rma durumunu bir kez daha ihlal ederek Halep Kenti ve k\u0131rsal\u0131nda bir\u00e7ok sivil yerle\u015fim alanlar\u0131na yine geli\u015fig\u00fczel f\u00fcze sald\u0131r\u0131lar\u0131nda bulundu.<\/p>\n<p>Halep \u0130l Emniyet M\u00fcd\u00fcrl\u00fc\u011f\u00fcnde yetkili bir kaynak SANA\u2019ya a\u00e7\u0131klamas\u0131nda; ter\u00f6ristlerin bug\u00fcn \u00f6\u011flen saatlerinde Halep Kentinin Zehra Cemiyeti, Ramusa, Esad Banliy\u00f6s\u00fc, Kerm el Cebel sivil yerle\u015fim alanlar\u0131na f\u00fczelerle sald\u0131rd\u0131klar\u0131n\u0131 belirtirken, sald\u0131r\u0131larda \u00f6zel ve kamu m\u00fclklerde b\u00fcy\u00fck hasarlar\u0131n olu\u015ftu\u011funu s\u00f6yledi.<\/p>\n<p>Ter\u00f6ristlerin Halep k\u0131rsal\u0131n\u0131n kuzeyi N\u00fcbbul ve Zehra beldelerinde yine sivil yerle\u015fim alanlar\u0131na geli\u015fig\u00fczel f\u00fcze sald\u0131r\u0131lar\u0131nda bulunduklar\u0131n\u0131 belirten kaynak; burada da vatanda\u015flar\u0131n m\u00fclklerine ve hizmet kurumlar\u0131na zarar verdiklerini s\u00f6zlerine ekledi.<\/p>\n<p>G\u00fcn\u00fcn ilerleyen saatlerinde a\u00e7\u0131klama yapan kaynak ter\u00f6ristlerin Cemiyliye Semtini geli\u015fig\u00fczel f\u00fczelerle hedef almalar\u0131 sonucunda 4 vatanda\u015f\u0131n yaral\u0131\u00a0d\u00fc\u015ft\u00fc\u011f\u00fcn\u00fc, vatanda\u015flar\u0131n ev ve i\u015fyerlerinde b\u00fcy\u00fck hasarlar\u0131n olu\u015ftu\u011funu belirtti.<\/p>\n<p>SANA muhabiri ter\u00f6ristlerin Meydan Semtini hedef alan f\u00fcze sald\u0131r\u0131lar\u0131nda bir \u00e7ocu\u011fun \u015fehit, d\u00f6rt vatanda\u015f\u0131n yaral\u0131 d\u00fc\u015ft\u00fcklerini aktard\u0131\u200f.<\/p>\n","protected":false},"excerpt":{"rendered":"<p>HALEP \u2013 Erdo\u011fan ve Al Suud rejimlerinin destek ve talimatlar\u0131yla savunmas\u0131z sivil insanlara kar\u015f\u0131 vah\u015fetlerini s\u00fcrd\u00fcren ter\u00f6r \u00f6rg\u00fctleri Halep\u2019te ilan edilen yat\u0131\u015ft\u0131rma durumunu bir kez daha ihlal ederek Halep Kenti ve k\u0131rsal\u0131nda bir\u00e7ok sivil yerle\u015fim alanlar\u0131na yine geli\u015fig\u00fczel f\u00fcze sald\u0131r\u0131lar\u0131nda bulundu. Halep \u0130l Emniyet M\u00fcd\u00fcrl\u00fc\u011f\u00fcnde yetkili bir kaynak SANA\u2019ya a\u00e7\u0131klamas\u0131nda; ter\u00f6ristlerin bug\u00fcn \u00f6\u011flen saatlerinde Halep &hellip;<\/p>\n","protected":false},"author":1,"featured_media":72312,"comment_status":"closed","ping_status":"closed","sticky":false,"template":"","format":"standard","meta":{"footnotes":""},"categories":[479,575,17988,478],"tags":[],"class_list":["post-72311","post","type-post","status-publish","format-standard","has-post-thumbnail","","category-haberler-yerel","category-olaylar-ve-gercekler","category-son-haberler","category-yerel"],"_links":{"self":[{"href":"https:\/\/archive.sana.sy\/tr\/index.php?rest_route=\/wp\/v2\/posts\/72311","targetHints":{"allow":["GET"]}}],"collection":[{"href":"https:\/\/archive.sana.sy\/tr\/index.php?rest_route=\/wp\/v2\/posts"}],"about":[{"href":"https:\/\/archive.sana.sy\/tr\/index.php?rest_route=\/wp\/v2\/types\/post"}],"author":[{"embeddable":true,"href":"https:\/\/archive.sana.sy\/tr\/index.php?rest_route=\/wp\/v2\/users\/1"}],"replies":[{"embeddable":true,"href":"https:\/\/archive.sana.sy\/tr\/index.php?rest_route=%2Fwp%2Fv2%2Fcomments&post=72311"}],"version-history":[{"count":0,"href":"https:\/\/archive.sana.sy\/tr\/index.php?rest_route=\/wp\/v2\/posts\/72311\/revisions"}],"wp:featuredmedia":[{"embeddable":true,"href":"https:\/\/archive.sana.sy\/tr\/index.php?rest_route=\/wp\/v2\/media\/72312"}],"wp:attachment":[{"href":"https:\/\/archive.sana.sy\/tr\/index.php?rest_route=%2Fwp%2Fv2%2Fmedia&parent=72311"}],"wp:term":[{"taxonomy":"category","embeddable":true,"href":"https:\/\/archive.sana.sy\/tr\/index.php?rest_route=%2Fwp%2Fv2%2Fcategories&post=72311"},{"taxonomy":"post_tag","embeddable":true,"href":"https:\/\/archive.sana.sy\/tr\/index.php?rest_route=%2Fwp%2Fv2%2Ftags&post=72311"}],"curies":[{"name":"wp","href":"https:\/\/api.w.org\/{rel}","templated":true}]}}