{"id":72317,"date":"2016-05-08T11:12:38","date_gmt":"2016-05-08T08:12:38","guid":{"rendered":"http:\/\/www.sana.sy\/tr\/?p=72317"},"modified":"2016-05-08T15:50:11","modified_gmt":"2016-05-08T12:50:11","slug":"teroristlerin-halep-kirsalinin-kuzeyi-nubbul-ve-zehra-beldelerinde-yine-sivil-yerlesim-alanlarina-gelisiguzel-fuze-saldirilarinda-bulunduklarini-belirten-kaynak-burada-da-vatandaslarin-mulklerine-ve","status":"publish","type":"post","link":"https:\/\/archive.sana.sy\/tr\/?p=72317","title":{"rendered":"Ter\u00f6ristlerin Halep k\u0131rsal\u0131n\u0131n kuzeyi N\u00fcbbul ve Zehra beldelerinde yine sivil yerle\u015fim alanlar\u0131na geli\u015fig\u00fczel f\u00fcze sald\u0131r\u0131lar\u0131nda bulunduklar\u0131n\u0131 belirten kaynak; burada da vatanda\u015flar\u0131n m\u00fclklerine ve hizmet kurumlar\u0131na zarar verdiklerini s\u00f6zlerine ekledi"},"content":{"rendered":"<p>Ter\u00f6ristlerin Halep k\u0131rsal\u0131n\u0131n kuzeyi N\u00fcbbul ve Zehra beldelerinde yine sivil yerle\u015fim alanlar\u0131na geli\u015fig\u00fczel f\u00fcze sald\u0131r\u0131lar\u0131nda bulunduklar\u0131n\u0131 belirten kaynak; burada da vatanda\u015flar\u0131n m\u00fclklerine ve hizmet kurumlar\u0131na zarar verdiklerini s\u00f6zlerine ekledi<\/p>\n","protected":false},"excerpt":{"rendered":"<p>Ter\u00f6ristlerin Halep k\u0131rsal\u0131n\u0131n kuzeyi N\u00fcbbul ve Zehra beldelerinde yine sivil yerle\u015fim alanlar\u0131na geli\u015fig\u00fczel f\u00fcze sald\u0131r\u0131lar\u0131nda bulunduklar\u0131n\u0131 belirten kaynak; burada da vatanda\u015flar\u0131n m\u00fclklerine ve hizmet kurumlar\u0131na zarar verdiklerini s\u00f6zlerine ekledi<\/p>\n","protected":false},"author":1,"featured_media":0,"comment_status":"closed","ping_status":"closed","sticky":false,"template":"","format":"standard","meta":{"footnotes":""},"categories":[17991],"tags":[],"class_list":["post-72317","post","type-post","status-publish","format-standard","","category-son-dakika"],"_links":{"self":[{"href":"https:\/\/archive.sana.sy\/tr\/index.php?rest_route=\/wp\/v2\/posts\/72317","targetHints":{"allow":["GET"]}}],"collection":[{"href":"https:\/\/archive.sana.sy\/tr\/index.php?rest_route=\/wp\/v2\/posts"}],"about":[{"href":"https:\/\/archive.sana.sy\/tr\/index.php?rest_route=\/wp\/v2\/types\/post"}],"author":[{"embeddable":true,"href":"https:\/\/archive.sana.sy\/tr\/index.php?rest_route=\/wp\/v2\/users\/1"}],"replies":[{"embeddable":true,"href":"https:\/\/archive.sana.sy\/tr\/index.php?rest_route=%2Fwp%2Fv2%2Fcomments&post=72317"}],"version-history":[{"count":0,"href":"https:\/\/archive.sana.sy\/tr\/index.php?rest_route=\/wp\/v2\/posts\/72317\/revisions"}],"wp:attachment":[{"href":"https:\/\/archive.sana.sy\/tr\/index.php?rest_route=%2Fwp%2Fv2%2Fmedia&parent=72317"}],"wp:term":[{"taxonomy":"category","embeddable":true,"href":"https:\/\/archive.sana.sy\/tr\/index.php?rest_route=%2Fwp%2Fv2%2Fcategories&post=72317"},{"taxonomy":"post_tag","embeddable":true,"href":"https:\/\/archive.sana.sy\/tr\/index.php?rest_route=%2Fwp%2Fv2%2Ftags&post=72317"}],"curies":[{"name":"wp","href":"https:\/\/api.w.org\/{rel}","templated":true}]}}