{"id":72320,"date":"2016-05-08T16:20:54","date_gmt":"2016-05-08T13:20:54","guid":{"rendered":"http:\/\/sana.sy\/tr\/?p=72320"},"modified":"2016-05-09T16:33:24","modified_gmt":"2016-05-09T13:33:24","slug":"terore-karsi-operasyonlarda-buyuk-basarilar-devam-ediyor-2","status":"publish","type":"post","link":"https:\/\/archive.sana.sy\/tr\/?p=72320","title":{"rendered":"Ter\u00f6re Kar\u015f\u0131 Operasyonlarda B\u00fcy\u00fck Ba\u015far\u0131lar Devam Ediyor"},"content":{"rendered":"<p>\u0130LLER \u2013 Kahraman ordu birliklerimiz silahl\u0131 ter\u00f6r gruplara kar\u015f\u0131 nitelikli operasyonlar\u0131n\u0131 b\u00fcy\u00fck ba\u015far\u0131larla s\u00fcrd\u00fcrerek bug\u00fcn de onlarca ter\u00f6risti \u00f6l\u00fc ve yaral\u0131 d\u00fc\u015f\u00fcrmekle birlikte havzalar\u0131nda bulunan b\u00fcy\u00fck miktarda silah ve m\u00fchimmat\u0131 imha ettiler.<\/p>\n<p><span style=\"color: #0000ff\">HOMS:<\/span><\/p>\n<p>Askeri bir kaynak SANA\u2019ya a\u00e7\u0131klamas\u0131nda hava g\u00fc\u00e7lerimizin Homs k\u0131rsal\u0131n\u0131n do\u011fusu Cezl Petrol Sahas\u0131n\u0131n do\u011fusuna ilaveten Mehr Do\u011falgaz Sahas\u0131n\u0131n kuzeyi ve Mehr \u0130stasyonun bat\u0131s\u0131nda I\u015e\u0130D\u2019e ait ter\u00f6rist ve cephane ta\u015f\u0131yan onlarca arac\u0131 imha ettiklerini ifade etti.<\/p>\n<p><span style=\"color: #0000ff\">HAMA:<\/span><\/p>\n<p>Buna e\u015f zamanl\u0131 olarak Hama Kentinin 40 km do\u011fusuna d\u00fc\u015fen Ukayrebbat K\u00f6y\u00fcn\u00fcn civar\u0131ndaki Vadiyhi Ta\u015f Oca\u011f\u0131nda I\u015e\u0130D\u2019in ara\u00e7 konvoylar\u0131n\u0131 yo\u011fun ate\u015fe tutan hava g\u00fc\u00e7lerimiz; tekfircileri say\u0131 ve te\u00e7hizatlar\u0131yla a\u011f\u0131r kay\u0131plara u\u011fratt\u0131.<\/p>\n<p><span style=\"color: #0000ff\">DEYREZZOR:<\/span><\/p>\n<p>\u00d6te yandan askeri kaynak; hava g\u00fc\u00e7lerimizin bug\u00fcn sabah saatlerinde Deyrezzor k\u0131rsal\u0131n\u0131n do\u011fusu Kessarat B\u00f6lgesi ve Mureyiye K\u00f6y\u00fcnde I\u015e\u0130D\u2019in toplanma yerleri ve mevkilerini hedef almalar\u0131yla onlarca ter\u00f6risti \u00f6l\u00fc ve yaral\u0131 d\u00fc\u015f\u00fcr\u00fcp bir k\u0131sm\u0131 a\u011f\u0131r silahlarla donat\u0131lm\u0131\u015f, bir k\u0131sm\u0131 da silah ve m\u00fchimmat ta\u015f\u0131yan bir\u00e7ok arac\u0131 imha ettiklerini belirtti.<\/p>\n<p><span style=\"color: #0000ff\">DERA:<\/span><\/p>\n<p>Bu arada Dera Beled\u2019te \u0130srail\u2019den destek alan Nusra Cephesi ve i\u015fbirlik\u00e7ileri di\u011fer ter\u00f6r \u00f6rg\u00fctlere y\u00f6nelik nitelikli operasyonlar\u0131n\u0131 s\u00fcrd\u00fcren ordu birliklerimiz; Abbasiye Semtinde ter\u00f6ristlerin f\u00fcze ve roket imal ettikleri bir at\u00f6lyeyi imha edip \u2018Tevhit el Cenub\u2019un saha komutanlar\u0131ndan \u2018Ahmet Fuat Musalme\u2019nin aralar\u0131nda bulundu\u011fu bir\u00e7ok ter\u00f6risti \u00f6ld\u00fcrd\u00fc.<\/p>\n<p>Dera k\u0131rsal\u0131n\u0131n kuzeydo\u011fusu Tlul Hlayef ve Tel \u015eeyh H\u00fcseyin b\u00f6lgelerinde de ordu birliklerimiz Kaide \u00d6rg\u00fct\u00fcn\u00fcn Suriye kolu Nusra Cephesine tabi a\u011f\u0131r makineli silahla donat\u0131lm\u0131\u015f 2 arac\u0131 y\u00fckleriyle birlikte yok etti.<\/p>\n","protected":false},"excerpt":{"rendered":"<p>\u0130LLER \u2013 Kahraman ordu birliklerimiz silahl\u0131 ter\u00f6r gruplara kar\u015f\u0131 nitelikli operasyonlar\u0131n\u0131 b\u00fcy\u00fck ba\u015far\u0131larla s\u00fcrd\u00fcrerek bug\u00fcn de onlarca ter\u00f6risti \u00f6l\u00fc ve yaral\u0131 d\u00fc\u015f\u00fcrmekle birlikte havzalar\u0131nda bulunan b\u00fcy\u00fck miktarda silah ve m\u00fchimmat\u0131 imha ettiler. HOMS: Askeri bir kaynak SANA\u2019ya a\u00e7\u0131klamas\u0131nda hava g\u00fc\u00e7lerimizin Homs k\u0131rsal\u0131n\u0131n do\u011fusu Cezl Petrol Sahas\u0131n\u0131n do\u011fusuna ilaveten Mehr Do\u011falgaz Sahas\u0131n\u0131n kuzeyi ve Mehr \u0130stasyonun &hellip;<\/p>\n","protected":false},"author":1,"featured_media":72322,"comment_status":"closed","ping_status":"closed","sticky":false,"template":"","format":"standard","meta":{"footnotes":""},"categories":[575,17988],"tags":[],"class_list":["post-72320","post","type-post","status-publish","format-standard","has-post-thumbnail","","category-olaylar-ve-gercekler","category-son-haberler"],"_links":{"self":[{"href":"https:\/\/archive.sana.sy\/tr\/index.php?rest_route=\/wp\/v2\/posts\/72320","targetHints":{"allow":["GET"]}}],"collection":[{"href":"https:\/\/archive.sana.sy\/tr\/index.php?rest_route=\/wp\/v2\/posts"}],"about":[{"href":"https:\/\/archive.sana.sy\/tr\/index.php?rest_route=\/wp\/v2\/types\/post"}],"author":[{"embeddable":true,"href":"https:\/\/archive.sana.sy\/tr\/index.php?rest_route=\/wp\/v2\/users\/1"}],"replies":[{"embeddable":true,"href":"https:\/\/archive.sana.sy\/tr\/index.php?rest_route=%2Fwp%2Fv2%2Fcomments&post=72320"}],"version-history":[{"count":0,"href":"https:\/\/archive.sana.sy\/tr\/index.php?rest_route=\/wp\/v2\/posts\/72320\/revisions"}],"wp:featuredmedia":[{"embeddable":true,"href":"https:\/\/archive.sana.sy\/tr\/index.php?rest_route=\/wp\/v2\/media\/72322"}],"wp:attachment":[{"href":"https:\/\/archive.sana.sy\/tr\/index.php?rest_route=%2Fwp%2Fv2%2Fmedia&parent=72320"}],"wp:term":[{"taxonomy":"category","embeddable":true,"href":"https:\/\/archive.sana.sy\/tr\/index.php?rest_route=%2Fwp%2Fv2%2Fcategories&post=72320"},{"taxonomy":"post_tag","embeddable":true,"href":"https:\/\/archive.sana.sy\/tr\/index.php?rest_route=%2Fwp%2Fv2%2Ftags&post=72320"}],"curies":[{"name":"wp","href":"https:\/\/api.w.org\/{rel}","templated":true}]}}