{"id":72337,"date":"2016-05-08T18:38:04","date_gmt":"2016-05-08T15:38:04","guid":{"rendered":"http:\/\/www.sana.sy\/tr\/?p=72337"},"modified":"2016-05-08T18:38:04","modified_gmt":"2016-05-08T15:38:04","slug":"sana-muhabiri-teroristlerin-meydan-semtini-hedef-alan-fuze-saldirilarinda-bir-cocugun-sehit-dort-vatandasin-yarali-dustuklerini-aktardi%e2%80%8f","status":"publish","type":"post","link":"https:\/\/archive.sana.sy\/tr\/?p=72337","title":{"rendered":"SANA muhabiri ter\u00f6ristlerin Meydan Semtini hedef alan f\u00fcze sald\u0131r\u0131lar\u0131nda bir \u00e7ocu\u011fun \u015fehit, d\u00f6rt vatanda\u015f\u0131n yaral\u0131 d\u00fc\u015ft\u00fcklerini aktard\u0131\u200f"},"content":{"rendered":"<p>SANA muhabiri ter\u00f6ristlerin Meydan Semtini hedef alan f\u00fcze sald\u0131r\u0131lar\u0131nda bir \u00e7ocu\u011fun \u015fehit, d\u00f6rt vatanda\u015f\u0131n yaral\u0131 d\u00fc\u015ft\u00fcklerini aktard\u0131\u200f<\/p>\n","protected":false},"excerpt":{"rendered":"<p>SANA muhabiri ter\u00f6ristlerin Meydan Semtini hedef alan f\u00fcze sald\u0131r\u0131lar\u0131nda bir \u00e7ocu\u011fun \u015fehit, d\u00f6rt vatanda\u015f\u0131n yaral\u0131 d\u00fc\u015ft\u00fcklerini aktard\u0131\u200f<\/p>\n","protected":false},"author":1,"featured_media":0,"comment_status":"closed","ping_status":"closed","sticky":false,"template":"","format":"standard","meta":{"footnotes":""},"categories":[17991],"tags":[],"class_list":["post-72337","post","type-post","status-publish","format-standard","","category-son-dakika"],"_links":{"self":[{"href":"https:\/\/archive.sana.sy\/tr\/index.php?rest_route=\/wp\/v2\/posts\/72337","targetHints":{"allow":["GET"]}}],"collection":[{"href":"https:\/\/archive.sana.sy\/tr\/index.php?rest_route=\/wp\/v2\/posts"}],"about":[{"href":"https:\/\/archive.sana.sy\/tr\/index.php?rest_route=\/wp\/v2\/types\/post"}],"author":[{"embeddable":true,"href":"https:\/\/archive.sana.sy\/tr\/index.php?rest_route=\/wp\/v2\/users\/1"}],"replies":[{"embeddable":true,"href":"https:\/\/archive.sana.sy\/tr\/index.php?rest_route=%2Fwp%2Fv2%2Fcomments&post=72337"}],"version-history":[{"count":0,"href":"https:\/\/archive.sana.sy\/tr\/index.php?rest_route=\/wp\/v2\/posts\/72337\/revisions"}],"wp:attachment":[{"href":"https:\/\/archive.sana.sy\/tr\/index.php?rest_route=%2Fwp%2Fv2%2Fmedia&parent=72337"}],"wp:term":[{"taxonomy":"category","embeddable":true,"href":"https:\/\/archive.sana.sy\/tr\/index.php?rest_route=%2Fwp%2Fv2%2Fcategories&post=72337"},{"taxonomy":"post_tag","embeddable":true,"href":"https:\/\/archive.sana.sy\/tr\/index.php?rest_route=%2Fwp%2Fv2%2Ftags&post=72337"}],"curies":[{"name":"wp","href":"https:\/\/api.w.org\/{rel}","templated":true}]}}