{"id":72445,"date":"2016-05-09T22:00:20","date_gmt":"2016-05-09T19:00:20","guid":{"rendered":"http:\/\/www.sana.sy\/tr\/?p=72445"},"modified":"2016-05-10T16:48:34","modified_gmt":"2016-05-10T13:48:34","slug":"halep-ve-kirsalinda-48-saat-uzatildi","status":"publish","type":"post","link":"https:\/\/archive.sana.sy\/tr\/?p=72445","title":{"rendered":"Halep ve K\u0131rsal\u0131nda 48 Saat Uzat\u0131ld\u0131"},"content":{"rendered":"<p>\u015eAM \u2013 Ordu ve Silahl\u0131 Kuvvetler Genel Komutanl\u0131\u011f\u0131 Halep ve k\u0131rsal\u0131na ek olarak Lazkiye k\u0131rsal\u0131nda ilan edilen yat\u0131\u015ft\u0131rma durumunun 48 saat daha uzat\u0131ld\u0131\u011f\u0131n\u0131 belirtti.<\/p>\n<p>Genel komutanl\u0131k bug\u00fcn yay\u0131nlad\u0131\u011f\u0131 beyanda Halep ve k\u0131rsal\u0131n\u0131n yan\u0131 s\u0131ra Lazkiye k\u0131rsal\u0131nda ilan edilen yat\u0131\u015ft\u0131rma durumunun 10 May\u0131s Sal\u0131 g\u00fcn\u00fc sabah\u0131 saat 01:00\u2019dan itibaren 11 May\u0131s \u00c7ar\u015famba g\u00fcn\u00fc saat 00:00\u2019a dek 48 saat uzat\u0131ld\u0131\u011f\u0131n\u0131 ilan etti.<\/p>\n<p>Genel Komutanl\u0131k 07 May\u0131s Cumartesi g\u00fcn\u00fc Halep ve k\u0131rsal\u0131nda 72 saatli\u011fine yat\u0131\u015ft\u0131rma durumu ilan etmi\u015f, bunun I\u015e\u0130D ve Kaide \u00d6rg\u00fct\u00fcn\u00fcn Suriye kolu Nusra Cephesine ilaveten uluslararas\u0131 ter\u00f6r \u00f6rg\u00fctleri listesinde yer alan ter\u00f6r \u00f6rg\u00fctleri kapsamad\u0131\u011f\u0131n\u0131 a\u00e7\u0131klam\u0131\u015ft\u0131.<\/p>\n<p>Bu arada 27 \u015eubat tarihinde Suriye genelinde I\u015e\u0130D ve Nusra Cephesiyle birlikte \u00e7at\u0131lar\u0131 alt\u0131ndaki ter\u00f6r \u00f6rg\u00fctler haricinde \u00e7at\u0131\u015fmalar\u0131 durdurma anla\u015fmas\u0131 ilan edilmi\u015f, bu anla\u015fma Hmeymim Hava \u00dcss\u00fcndeki \u00e7anla\u015fmay\u0131 izleme ve koordinasyon Rus merkezinin raporlar\u0131na g\u00f6re ter\u00f6r \u00f6rg\u00fctleri taraf\u0131ndan \u00f6zellikle Lazkiye ve \u015eam k\u0131rsallar\u0131yla birlikte Halep ve k\u0131rsal\u0131nda 500\u2019den fazla kez ihlal edildi.<\/p>\n<p>R.H.<\/p>\n","protected":false},"excerpt":{"rendered":"<p>\u015eAM \u2013 Ordu ve Silahl\u0131 Kuvvetler Genel Komutanl\u0131\u011f\u0131 Halep ve k\u0131rsal\u0131na ek olarak Lazkiye k\u0131rsal\u0131nda ilan edilen yat\u0131\u015ft\u0131rma durumunun 48 saat daha uzat\u0131ld\u0131\u011f\u0131n\u0131 belirtti. Genel komutanl\u0131k bug\u00fcn yay\u0131nlad\u0131\u011f\u0131 beyanda Halep ve k\u0131rsal\u0131n\u0131n yan\u0131 s\u0131ra Lazkiye k\u0131rsal\u0131nda ilan edilen yat\u0131\u015ft\u0131rma durumunun 10 May\u0131s Sal\u0131 g\u00fcn\u00fc sabah\u0131 saat 01:00\u2019dan itibaren 11 May\u0131s \u00c7ar\u015famba g\u00fcn\u00fc saat 00:00\u2019a dek &hellip;<\/p>\n","protected":false},"author":1,"featured_media":72446,"comment_status":"closed","ping_status":"closed","sticky":false,"template":"","format":"standard","meta":{"footnotes":""},"categories":[479,17988,478],"tags":[21023],"class_list":["post-72445","post","type-post","status-publish","format-standard","has-post-thumbnail","","category-haberler-yerel","category-son-haberler","category-yerel","tag-halep-ve-kirsalinda-48-saat-uzatildi"],"_links":{"self":[{"href":"https:\/\/archive.sana.sy\/tr\/index.php?rest_route=\/wp\/v2\/posts\/72445","targetHints":{"allow":["GET"]}}],"collection":[{"href":"https:\/\/archive.sana.sy\/tr\/index.php?rest_route=\/wp\/v2\/posts"}],"about":[{"href":"https:\/\/archive.sana.sy\/tr\/index.php?rest_route=\/wp\/v2\/types\/post"}],"author":[{"embeddable":true,"href":"https:\/\/archive.sana.sy\/tr\/index.php?rest_route=\/wp\/v2\/users\/1"}],"replies":[{"embeddable":true,"href":"https:\/\/archive.sana.sy\/tr\/index.php?rest_route=%2Fwp%2Fv2%2Fcomments&post=72445"}],"version-history":[{"count":0,"href":"https:\/\/archive.sana.sy\/tr\/index.php?rest_route=\/wp\/v2\/posts\/72445\/revisions"}],"wp:featuredmedia":[{"embeddable":true,"href":"https:\/\/archive.sana.sy\/tr\/index.php?rest_route=\/wp\/v2\/media\/72446"}],"wp:attachment":[{"href":"https:\/\/archive.sana.sy\/tr\/index.php?rest_route=%2Fwp%2Fv2%2Fmedia&parent=72445"}],"wp:term":[{"taxonomy":"category","embeddable":true,"href":"https:\/\/archive.sana.sy\/tr\/index.php?rest_route=%2Fwp%2Fv2%2Fcategories&post=72445"},{"taxonomy":"post_tag","embeddable":true,"href":"https:\/\/archive.sana.sy\/tr\/index.php?rest_route=%2Fwp%2Fv2%2Ftags&post=72445"}],"curies":[{"name":"wp","href":"https:\/\/api.w.org\/{rel}","templated":true}]}}