{"id":72522,"date":"2016-05-10T16:08:01","date_gmt":"2016-05-10T13:08:01","guid":{"rendered":"http:\/\/www.sana.sy\/tr\/?p=72522"},"modified":"2016-05-10T16:08:01","modified_gmt":"2016-05-10T13:08:01","slug":"askeri-kaynak-sanaya-aciklamasinda-ordu-birliklerimizin-suveyda-kirsalinin-kuzeydogusu-saad-koyunde-isid-teroristlerini-tasiyan-bir-araci-tasidigi-teroristlerle-birlikte-imha-ettiklerini-akta","status":"publish","type":"post","link":"https:\/\/archive.sana.sy\/tr\/?p=72522","title":{"rendered":"Askeri kaynak SANA\u2019ya a\u00e7\u0131klamas\u0131nda ordu birliklerimizin S\u00fcveyda k\u0131rsal\u0131n\u0131n kuzeydo\u011fusu Saad K\u00f6y\u00fcnde I\u015e\u0130D ter\u00f6ristlerini ta\u015f\u0131yan bir arac\u0131 ta\u015f\u0131d\u0131\u011f\u0131 ter\u00f6ristlerle birlikte imha ettiklerini aktard\u0131."},"content":{"rendered":"<p>Askeri kaynak SANA\u2019ya a\u00e7\u0131klamas\u0131nda ordu birliklerimizin S\u00fcveyda k\u0131rsal\u0131n\u0131n kuzeydo\u011fusu Saad K\u00f6y\u00fcnde I\u015e\u0130D ter\u00f6ristlerini ta\u015f\u0131yan bir arac\u0131 ta\u015f\u0131d\u0131\u011f\u0131 ter\u00f6ristlerle birlikte imha ettiklerini aktard\u0131.<\/p>\n","protected":false},"excerpt":{"rendered":"<p>Askeri kaynak SANA\u2019ya a\u00e7\u0131klamas\u0131nda ordu birliklerimizin S\u00fcveyda k\u0131rsal\u0131n\u0131n kuzeydo\u011fusu Saad K\u00f6y\u00fcnde I\u015e\u0130D ter\u00f6ristlerini ta\u015f\u0131yan bir arac\u0131 ta\u015f\u0131d\u0131\u011f\u0131 ter\u00f6ristlerle birlikte imha ettiklerini aktard\u0131.<\/p>\n","protected":false},"author":1,"featured_media":0,"comment_status":"closed","ping_status":"closed","sticky":false,"template":"","format":"standard","meta":{"footnotes":""},"categories":[17991],"tags":[],"class_list":["post-72522","post","type-post","status-publish","format-standard","","category-son-dakika"],"_links":{"self":[{"href":"https:\/\/archive.sana.sy\/tr\/index.php?rest_route=\/wp\/v2\/posts\/72522","targetHints":{"allow":["GET"]}}],"collection":[{"href":"https:\/\/archive.sana.sy\/tr\/index.php?rest_route=\/wp\/v2\/posts"}],"about":[{"href":"https:\/\/archive.sana.sy\/tr\/index.php?rest_route=\/wp\/v2\/types\/post"}],"author":[{"embeddable":true,"href":"https:\/\/archive.sana.sy\/tr\/index.php?rest_route=\/wp\/v2\/users\/1"}],"replies":[{"embeddable":true,"href":"https:\/\/archive.sana.sy\/tr\/index.php?rest_route=%2Fwp%2Fv2%2Fcomments&post=72522"}],"version-history":[{"count":0,"href":"https:\/\/archive.sana.sy\/tr\/index.php?rest_route=\/wp\/v2\/posts\/72522\/revisions"}],"wp:attachment":[{"href":"https:\/\/archive.sana.sy\/tr\/index.php?rest_route=%2Fwp%2Fv2%2Fmedia&parent=72522"}],"wp:term":[{"taxonomy":"category","embeddable":true,"href":"https:\/\/archive.sana.sy\/tr\/index.php?rest_route=%2Fwp%2Fv2%2Fcategories&post=72522"},{"taxonomy":"post_tag","embeddable":true,"href":"https:\/\/archive.sana.sy\/tr\/index.php?rest_route=%2Fwp%2Fv2%2Ftags&post=72522"}],"curies":[{"name":"wp","href":"https:\/\/api.w.org\/{rel}","templated":true}]}}