{"id":72526,"date":"2016-05-10T17:05:30","date_gmt":"2016-05-10T14:05:30","guid":{"rendered":"http:\/\/sana.sy\/tr\/?p=72526"},"modified":"2016-05-11T16:09:29","modified_gmt":"2016-05-11T13:09:29","slug":"isid-mevkileri-hedef-alinip-agir-kayiplara-ugratildi","status":"publish","type":"post","link":"https:\/\/archive.sana.sy\/tr\/?p=72526","title":{"rendered":"I\u015e\u0130D Mevkileri Hedef Al\u0131n\u0131p A\u011f\u0131r Kay\u0131plara U\u011frat\u0131ld\u0131"},"content":{"rendered":"<p>\u0130LLER \u2013 Kahraman silahl\u0131 kuvvetlerimizin \u00fclkenin muhtelif b\u00f6lgelerinde ba\u015fta I\u015e\u0130D ve Nusra Cephesine y\u00f6nelik d\u00fczenledi\u011fi operasyonlarda ter\u00f6ristlerin a\u011f\u0131r kay\u0131plar\u0131 s\u00fcr\u00fcyor.<\/p>\n<p><span style=\"color: #0000ff\">DERA:<\/span><\/p>\n<p>Askeri kaynak SANA\u2019ya a\u00e7\u0131klamas\u0131nda ordu birliklerimizin Dera\u2019da \u0130srail ve Suudi Arabistan destekli Kaide \u00d6rg\u00fct\u00fcn\u00fcn Suriye kolu Nusra Cephesine ait cephane ve ter\u00f6rist ta\u015f\u0131yan bir ara\u00e7 konvoyunu eski g\u00fcmr\u00fck kap\u0131s\u0131 ile Nasib aras\u0131ndaki yol \u00fczerinde tamam imha ettiklerini ifade etti. Kaynak; operasyonlarda bir k\u0131sm\u0131 ter\u00f6rist ve cephane ta\u015f\u0131yan, bir k\u0131sm\u0131 da a\u011f\u0131r makineli silahla donat\u0131lm\u0131\u015f onlarca arac\u0131n y\u00fckleriyle birlikte yok edildi\u011fine dikkat \u00e7ekti.<\/p>\n<p>G\u00fcn\u00fcn ilerleyen saatlerinde a\u00e7\u0131klama yapan bir kaynak; Dera k\u0131rsal\u0131n\u0131n kuzeybat\u0131s\u0131 Yaduda Beldesinde Kaide \u00d6rg\u00fct\u00fcn\u00fcn Suriye kolu Nusra Cephesine y\u00f6nelik nitelikli operasyonlar ger\u00e7ekle\u015ftiren ordu birliklerimizin; aralar\u0131nda tehlikeli isimlerin bulundu\u011fu 6 ter\u00f6risti \u00f6ld\u00fcrd\u00fcklerini belirtti.<\/p>\n<p><span style=\"color: #0000ff\">HOMS:<\/span><\/p>\n<p>\u00d6te yandan askeri kaynak; hava g\u00fc\u00e7lerimizin Homs k\u0131rsal\u0131nda Mehr Petrol Sahas\u0131n\u0131n bat\u0131s\u0131na ek olarak Cezl Petrol sahas\u0131 ve Hneyfis K\u00f6y\u00fc civarlar\u0131nda I\u015e\u0130D\u2019e ait bir\u00e7ok arac\u0131 imha ettiklerini aktard\u0131.<\/p>\n<p>Homs Kentinin yakla\u015f\u0131k 77 km do\u011fusuna d\u00fc\u015fen Hveysis K\u00f6y\u00fc \u00e7evresinde de hava g\u00fc\u00e7lerimizin ter\u00f6ristlerin siper ve ara\u00e7lar\u0131n\u0131 yo\u011fun ate\u015fe tutuklar\u0131n\u0131 belirten kaynak; \u00e7ok say\u0131da ter\u00f6risti \u00f6l\u00fc ve yaral\u0131 d\u00fc\u015f\u00fcr\u00fcp havzalar\u0131nda bulunan silah ve m\u00fchimmatlar\u0131n\u0131 da imha ettiklerini s\u00f6yledi.<\/p>\n<p><span style=\"color: #0000ff\">HAMA:<\/span><\/p>\n<p>Hama k\u0131rsal\u0131n\u0131n kuzeyi Morik Beldesinde Cund el Aksa adl\u0131 tekfirci ter\u00f6ristlerin mevkilerinin hava g\u00fc\u00e7lerimiz taraf\u0131ndan hedef al\u0131nd\u0131\u011f\u0131n\u0131 belirten askeri bir kaynak, operasyonlarda aralar\u0131nda tehlikeli isimlerin bulundu\u011fu 15 ter\u00f6ristin \u00f6ld\u00fc\u011f\u00fcn\u00fc aktard\u0131.<\/p>\n<p>Kaynak; Hama \u0130line tabi Selemiye k\u0131rsal\u0131n\u0131n do\u011fusu Ukerebbat K\u00f6y\u00fcnde de hava g\u00fc\u00e7lerimizin I\u015e\u0130D\u2019in ara\u00e7 konvoyunu hedef almalar\u0131yla tekfircileri say\u0131 ve te\u00e7hizatlar\u0131yla a\u011f\u0131r kay\u0131plara u\u011fratt\u0131klar\u0131n\u0131 belirtti.<\/p>\n<p><span style=\"color: #0000ff\">S\u00dcVEYDA:<\/span><\/p>\n<p>Bu arada askeri kaynak SANA\u2019ya a\u00e7\u0131klamas\u0131nda ordu birliklerimizin S\u00fcveyda k\u0131rsal\u0131n\u0131n kuzeydo\u011fusu Saad K\u00f6y\u00fcnde I\u015e\u0130D ter\u00f6ristlerini ta\u015f\u0131yan bir arac\u0131 ta\u015f\u0131d\u0131\u011f\u0131 ter\u00f6ristlerle birlikte imha ettiklerini s\u00f6zlerine ekledi.<\/p>\n","protected":false},"excerpt":{"rendered":"<p>\u0130LLER \u2013 Kahraman silahl\u0131 kuvvetlerimizin \u00fclkenin muhtelif b\u00f6lgelerinde ba\u015fta I\u015e\u0130D ve Nusra Cephesine y\u00f6nelik d\u00fczenledi\u011fi operasyonlarda ter\u00f6ristlerin a\u011f\u0131r kay\u0131plar\u0131 s\u00fcr\u00fcyor. DERA: Askeri kaynak SANA\u2019ya a\u00e7\u0131klamas\u0131nda ordu birliklerimizin Dera\u2019da \u0130srail ve Suudi Arabistan destekli Kaide \u00d6rg\u00fct\u00fcn\u00fcn Suriye kolu Nusra Cephesine ait cephane ve ter\u00f6rist ta\u015f\u0131yan bir ara\u00e7 konvoyunu eski g\u00fcmr\u00fck kap\u0131s\u0131 ile Nasib aras\u0131ndaki yol \u00fczerinde &hellip;<\/p>\n","protected":false},"author":1,"featured_media":72555,"comment_status":"closed","ping_status":"closed","sticky":false,"template":"","format":"standard","meta":{"footnotes":""},"categories":[575,17988],"tags":[],"class_list":["post-72526","post","type-post","status-publish","format-standard","has-post-thumbnail","","category-olaylar-ve-gercekler","category-son-haberler"],"_links":{"self":[{"href":"https:\/\/archive.sana.sy\/tr\/index.php?rest_route=\/wp\/v2\/posts\/72526","targetHints":{"allow":["GET"]}}],"collection":[{"href":"https:\/\/archive.sana.sy\/tr\/index.php?rest_route=\/wp\/v2\/posts"}],"about":[{"href":"https:\/\/archive.sana.sy\/tr\/index.php?rest_route=\/wp\/v2\/types\/post"}],"author":[{"embeddable":true,"href":"https:\/\/archive.sana.sy\/tr\/index.php?rest_route=\/wp\/v2\/users\/1"}],"replies":[{"embeddable":true,"href":"https:\/\/archive.sana.sy\/tr\/index.php?rest_route=%2Fwp%2Fv2%2Fcomments&post=72526"}],"version-history":[{"count":0,"href":"https:\/\/archive.sana.sy\/tr\/index.php?rest_route=\/wp\/v2\/posts\/72526\/revisions"}],"wp:featuredmedia":[{"embeddable":true,"href":"https:\/\/archive.sana.sy\/tr\/index.php?rest_route=\/wp\/v2\/media\/72555"}],"wp:attachment":[{"href":"https:\/\/archive.sana.sy\/tr\/index.php?rest_route=%2Fwp%2Fv2%2Fmedia&parent=72526"}],"wp:term":[{"taxonomy":"category","embeddable":true,"href":"https:\/\/archive.sana.sy\/tr\/index.php?rest_route=%2Fwp%2Fv2%2Fcategories&post=72526"},{"taxonomy":"post_tag","embeddable":true,"href":"https:\/\/archive.sana.sy\/tr\/index.php?rest_route=%2Fwp%2Fv2%2Ftags&post=72526"}],"curies":[{"name":"wp","href":"https:\/\/api.w.org\/{rel}","templated":true}]}}