{"id":72558,"date":"2016-05-10T21:30:30","date_gmt":"2016-05-10T18:30:30","guid":{"rendered":"http:\/\/sana.sy\/tr\/?p=72558"},"modified":"2016-05-11T16:14:22","modified_gmt":"2016-05-11T13:14:22","slug":"fua-beldesini-40tan-fazla-fuzeyle-hedef-aldilar","status":"publish","type":"post","link":"https:\/\/archive.sana.sy\/tr\/?p=72558","title":{"rendered":"Fua Beldesini 40\u2019tan Fazla F\u00fczeyle Hedef Ald\u0131lar"},"content":{"rendered":"<p>\u0130DL\u0130B \u2013 \u2018Fetih Ordusu\u2019 olarak bilinen ve geneli yabanc\u0131lardan olu\u015fan ter\u00f6r \u00f6rg\u00fct\u00fcn\u00fcn \u00e7at\u0131s\u0131 alt\u0131nda faaliyet g\u00f6steren ter\u00f6r gruplar\u0131n bug\u00fcn \u0130dlib k\u0131rsal\u0131n\u0131n kuzeyi Fua Beldesinin sivil yerle\u015fim alanlar\u0131n\u0131 geli\u015fig\u00fczel olarak f\u00fczelerle hedef almalar\u0131 sonucunda 5 vatanda\u015f yaraland\u0131.<\/p>\n<p>Fua Beldesinde yerel kaynaklar SANA ile telefon ba\u011flant\u0131s\u0131nda belde yak\u0131nlar\u0131ndaki Benni\u015f ve Maartamsarin beldelerinde bulunan \u2018Fetih Ordusu\u2019 ve Nusra Cephesine tabi ter\u00f6ristlerin beldeyi 40\u2019tan fazla f\u00fczeyle hedef ald\u0131klar\u0131n\u0131 aktard\u0131. Sald\u0131r\u0131larda aralar\u0131nda kad\u0131nlar\u0131n bulundu\u011fu 5 vatanda\u015f\u0131n yaraland\u0131\u011f\u0131n\u0131 s\u00f6yleyen kaynaklar, vatanda\u015flar\u0131n evlerinde de b\u00fcy\u00fck hasarlar\u0131n olu\u015ftu\u011funu s\u00f6zlerine ekledi.<\/p>\n<p>&nbsp;<\/p>\n","protected":false},"excerpt":{"rendered":"<p>\u0130DL\u0130B \u2013 \u2018Fetih Ordusu\u2019 olarak bilinen ve geneli yabanc\u0131lardan olu\u015fan ter\u00f6r \u00f6rg\u00fct\u00fcn\u00fcn \u00e7at\u0131s\u0131 alt\u0131nda faaliyet g\u00f6steren ter\u00f6r gruplar\u0131n bug\u00fcn \u0130dlib k\u0131rsal\u0131n\u0131n kuzeyi Fua Beldesinin sivil yerle\u015fim alanlar\u0131n\u0131 geli\u015fig\u00fczel olarak f\u00fczelerle hedef almalar\u0131 sonucunda 5 vatanda\u015f yaraland\u0131. Fua Beldesinde yerel kaynaklar SANA ile telefon ba\u011flant\u0131s\u0131nda belde yak\u0131nlar\u0131ndaki Benni\u015f ve Maartamsarin beldelerinde bulunan \u2018Fetih Ordusu\u2019 ve Nusra &hellip;<\/p>\n","protected":false},"author":1,"featured_media":72560,"comment_status":"closed","ping_status":"closed","sticky":false,"template":"","format":"standard","meta":{"footnotes":""},"categories":[575,17988],"tags":[21035,21036],"class_list":["post-72558","post","type-post","status-publish","format-standard","has-post-thumbnail","","category-olaylar-ve-gercekler","category-son-haberler","tag-fua-beldesini-40tan-fazla-fuzeyle-hedef-aldilar","tag-gelisiguzel-olarak-fuzelerle-hedef-alinmalari-sonucunda-5-vatandas-yaralandi"],"_links":{"self":[{"href":"https:\/\/archive.sana.sy\/tr\/index.php?rest_route=\/wp\/v2\/posts\/72558","targetHints":{"allow":["GET"]}}],"collection":[{"href":"https:\/\/archive.sana.sy\/tr\/index.php?rest_route=\/wp\/v2\/posts"}],"about":[{"href":"https:\/\/archive.sana.sy\/tr\/index.php?rest_route=\/wp\/v2\/types\/post"}],"author":[{"embeddable":true,"href":"https:\/\/archive.sana.sy\/tr\/index.php?rest_route=\/wp\/v2\/users\/1"}],"replies":[{"embeddable":true,"href":"https:\/\/archive.sana.sy\/tr\/index.php?rest_route=%2Fwp%2Fv2%2Fcomments&post=72558"}],"version-history":[{"count":0,"href":"https:\/\/archive.sana.sy\/tr\/index.php?rest_route=\/wp\/v2\/posts\/72558\/revisions"}],"wp:featuredmedia":[{"embeddable":true,"href":"https:\/\/archive.sana.sy\/tr\/index.php?rest_route=\/wp\/v2\/media\/72560"}],"wp:attachment":[{"href":"https:\/\/archive.sana.sy\/tr\/index.php?rest_route=%2Fwp%2Fv2%2Fmedia&parent=72558"}],"wp:term":[{"taxonomy":"category","embeddable":true,"href":"https:\/\/archive.sana.sy\/tr\/index.php?rest_route=%2Fwp%2Fv2%2Fcategories&post=72558"},{"taxonomy":"post_tag","embeddable":true,"href":"https:\/\/archive.sana.sy\/tr\/index.php?rest_route=%2Fwp%2Fv2%2Ftags&post=72558"}],"curies":[{"name":"wp","href":"https:\/\/api.w.org\/{rel}","templated":true}]}}