{"id":72559,"date":"2016-05-10T16:00:52","date_gmt":"2016-05-10T13:00:52","guid":{"rendered":"http:\/\/sana.sy\/tr\/?p=72559"},"modified":"2016-05-11T15:23:44","modified_gmt":"2016-05-11T12:23:44","slug":"terore-savas-araliksiz-devam-etmesiyle-destegi-kesilmelidir","status":"publish","type":"post","link":"https:\/\/archive.sana.sy\/tr\/?p=72559","title":{"rendered":"Ter\u00f6re Sava\u015f Aral\u0131ks\u0131z Devam Etmesiyle Deste\u011fi Kesilmelidir"},"content":{"rendered":"<p>MOSKOVA \u2013 Rusya D\u0131\u015fi\u015fleri Bakan\u0131 Sergey Lavrov ve \u0130ranl\u0131 mevkida\u015f\u0131 Muhammed Cevat Zarif bug\u00fcn aralar\u0131nda ger\u00e7ekle\u015fen telefon g\u00f6r\u00fc\u015fmesinde Suriye&#8217;de ter\u00f6re kar\u015f\u0131 sava\u015f\u0131n aral\u0131ks\u0131z ve kararl\u0131 bir \u015fekilde devam etmesinin yan\u0131 s\u0131ra d\u0131\u015far\u0131dan ald\u0131klar\u0131 deste\u011fin de kesilmesi gere\u011finin alt\u0131n\u0131 \u00e7izdi.<\/p>\n<p>Rusya D\u0131\u015fi\u015fleri Bakanl\u0131\u011f\u0131 bug\u00fcn beyanda Lavrov ve Zarif\u2019in; uluslar aras\u0131 toplumun, bu ay\u0131n 17\u2019inde Cenevre&#8217;de toplanacak Suriye&#8217;ye destek grubu devletlerinin uluslar aras\u0131 kararlar\u0131n \u00f6nko\u015fulsuz hayata ge\u00e7irilmesi \u00fczerine odaklanmas\u0131 gere\u011fine dikkat \u00e7ektiklerini aktard\u0131. Beyanda iki d\u0131\u015fi\u015fleri bakan\u0131n\u0131n ayn\u0131 zamanda ter\u00f6re kar\u015f\u0131 sava\u011f\u0131n aral\u0131ks\u0131z ve kararl\u0131 bir \u015fekilde devam etmesinin yan\u0131 s\u0131ra d\u0131\u015far\u0131dan ald\u0131klar\u0131 deste\u011fin kapat\u0131lmas\u0131 \u00f6nemine vurgu yapt\u0131klar\u0131na dikkat \u00e7ekildi.<\/p>\n<p>Suriye&#8217;deki durumlara odaklan\u0131lan g\u00f6r\u00fc\u015fmede iki bakan\u0131n \u00e7at\u0131\u015fmalar\u0131 durdurma anla\u015fmas\u0131 ve insani durumlar\u0131 da masaya yat\u0131rd\u0131klar\u0131n\u0131n kaydedildi\u011fi beyanda; Suriye h\u00fck\u00fcmeti ile geni\u015f kapsaml\u0131 muhalefet temsilcileri aras\u0131nda diyalog g\u00f6r\u00fc\u015fmeleriyle kal\u0131c\u0131 siyasi \u00e7\u00f6z\u00fcm sa\u011flanmas\u0131 \u00f6neminin alt\u0131n\u0131 \u00e7izdikleri ifade edildi.<\/p>\n","protected":false},"excerpt":{"rendered":"<p>MOSKOVA \u2013 Rusya D\u0131\u015fi\u015fleri Bakan\u0131 Sergey Lavrov ve \u0130ranl\u0131 mevkida\u015f\u0131 Muhammed Cevat Zarif bug\u00fcn aralar\u0131nda ger\u00e7ekle\u015fen telefon g\u00f6r\u00fc\u015fmesinde Suriye&#8217;de ter\u00f6re kar\u015f\u0131 sava\u015f\u0131n aral\u0131ks\u0131z ve kararl\u0131 bir \u015fekilde devam etmesinin yan\u0131 s\u0131ra d\u0131\u015far\u0131dan ald\u0131klar\u0131 deste\u011fin de kesilmesi gere\u011finin alt\u0131n\u0131 \u00e7izdi. Rusya D\u0131\u015fi\u015fleri Bakanl\u0131\u011f\u0131 bug\u00fcn beyanda Lavrov ve Zarif\u2019in; uluslar aras\u0131 toplumun, bu ay\u0131n 17\u2019inde Cenevre&#8217;de toplanacak &hellip;<\/p>\n","protected":false},"author":1,"featured_media":72561,"comment_status":"closed","ping_status":"closed","sticky":false,"template":"","format":"standard","meta":{"footnotes":""},"categories":[458,459,17988],"tags":[21034,21033],"class_list":["post-72559","post","type-post","status-publish","format-standard","has-post-thumbnail","","category-dunya1","category-haberler-arap-uluslararasi-politika","category-son-haberler","tag-rusya-disisleri-bakani-sergey-lavrov-ve-iranli-mevkidasi-muhammed-cevat-zarif","tag-terore-savas-araliksiz-devam-etmesiyle-destegi-kesilmelidir"],"_links":{"self":[{"href":"https:\/\/archive.sana.sy\/tr\/index.php?rest_route=\/wp\/v2\/posts\/72559","targetHints":{"allow":["GET"]}}],"collection":[{"href":"https:\/\/archive.sana.sy\/tr\/index.php?rest_route=\/wp\/v2\/posts"}],"about":[{"href":"https:\/\/archive.sana.sy\/tr\/index.php?rest_route=\/wp\/v2\/types\/post"}],"author":[{"embeddable":true,"href":"https:\/\/archive.sana.sy\/tr\/index.php?rest_route=\/wp\/v2\/users\/1"}],"replies":[{"embeddable":true,"href":"https:\/\/archive.sana.sy\/tr\/index.php?rest_route=%2Fwp%2Fv2%2Fcomments&post=72559"}],"version-history":[{"count":0,"href":"https:\/\/archive.sana.sy\/tr\/index.php?rest_route=\/wp\/v2\/posts\/72559\/revisions"}],"wp:featuredmedia":[{"embeddable":true,"href":"https:\/\/archive.sana.sy\/tr\/index.php?rest_route=\/wp\/v2\/media\/72561"}],"wp:attachment":[{"href":"https:\/\/archive.sana.sy\/tr\/index.php?rest_route=%2Fwp%2Fv2%2Fmedia&parent=72559"}],"wp:term":[{"taxonomy":"category","embeddable":true,"href":"https:\/\/archive.sana.sy\/tr\/index.php?rest_route=%2Fwp%2Fv2%2Fcategories&post=72559"},{"taxonomy":"post_tag","embeddable":true,"href":"https:\/\/archive.sana.sy\/tr\/index.php?rest_route=%2Fwp%2Fv2%2Ftags&post=72559"}],"curies":[{"name":"wp","href":"https:\/\/api.w.org\/{rel}","templated":true}]}}