{"id":7257,"date":"2014-08-14T10:31:02","date_gmt":"2014-08-14T07:31:02","guid":{"rendered":"http:\/\/www.sana.sy\/tr\/?p=7257"},"modified":"2014-08-14T12:23:19","modified_gmt":"2014-08-14T09:23:19","slug":"israille-mucadele-icin-hazirladiklarimiz-bolgede-yaptiklarimizdan-etkilenmeyecek","status":"publish","type":"post","link":"https:\/\/archive.sana.sy\/tr\/?p=7257","title":{"rendered":"\u0130srail\u2019le M\u00fccadele \u0130\u00e7in Haz\u0131rlad\u0131klar\u0131m\u0131z B\u00f6lgede Yapt\u0131klar\u0131m\u0131zdan Etkilenmeyecek"},"content":{"rendered":"<p>BEYRUT \u2013 Hizbullah Genel Sekreteri Hasan Nasrullah Direni\u015fin \u0130srail\u2019le m\u00fccadele i\u00e7in haz\u0131rlad\u0131klar\u0131n\u0131n b\u00f6lgenin tan\u0131k oldu\u011fu olaylarla etkilenmeyece\u011fini belirterek \u0130srail\u2019le g\u00fcvenlik m\u00fccadelesinde k\u0131rm\u0131z\u0131 \u00e7izgilerin bulunmad\u0131\u011f\u0131n\u0131 vurgulad\u0131.<\/p>\n<p>L\u00fcbnanl\u0131 el Ahbar gazetesine verdi\u011fi ve bug\u00fcn yay\u0131nlad\u0131\u011f\u0131 demecinde Nasrullah, d\u00fc\u015fmanla g\u00fcvenlik sava\u015f\u0131nda k\u0131rm\u0131z\u0131 \u00e7izginin bulunmad\u0131\u011f\u0131n\u0131 \u0130srail\u2019in de Hac\u0131 \u0130mad Mu\u011fniyye\u2019nin kime denk oldu\u011funu \u00e7ok iyi bildi\u011fini s\u00f6yledi.<\/p>\n<p>Nasrullah, Gazze\u2019deki direni\u015fin ger\u00e7ek bir zafer elde etme hakk\u0131na sahip oldu\u011funu vurgulad\u0131.<\/p>\n","protected":false},"excerpt":{"rendered":"<p>BEYRUT \u2013 Hizbullah Genel Sekreteri Hasan Nasrullah Direni\u015fin \u0130srail\u2019le m\u00fccadele i\u00e7in haz\u0131rlad\u0131klar\u0131n\u0131n b\u00f6lgenin tan\u0131k oldu\u011fu olaylarla etkilenmeyece\u011fini belirterek \u0130srail\u2019le g\u00fcvenlik m\u00fccadelesinde k\u0131rm\u0131z\u0131 \u00e7izgilerin bulunmad\u0131\u011f\u0131n\u0131 vurgulad\u0131. L\u00fcbnanl\u0131 el Ahbar gazetesine verdi\u011fi ve bug\u00fcn yay\u0131nlad\u0131\u011f\u0131 demecinde Nasrullah, d\u00fc\u015fmanla g\u00fcvenlik sava\u015f\u0131nda k\u0131rm\u0131z\u0131 \u00e7izginin bulunmad\u0131\u011f\u0131n\u0131 \u0130srail\u2019in de Hac\u0131 \u0130mad Mu\u011fniyye\u2019nin kime denk oldu\u011funu \u00e7ok iyi bildi\u011fini s\u00f6yledi. Nasrullah, Gazze\u2019deki &hellip;<\/p>\n","protected":false},"author":1,"featured_media":7258,"comment_status":"closed","ping_status":"closed","sticky":false,"template":"","format":"standard","meta":{"footnotes":""},"categories":[458,459,447],"tags":[1619],"class_list":["post-7257","post","type-post","status-publish","format-standard","has-post-thumbnail","","category-dunya1","category-haberler-arap-uluslararasi-politika","category-politika","tag-israille-mucadele-icin-hazirladiklarimiz-bolgede-yaptiklarimizdan-etkilenmeyecek"],"_links":{"self":[{"href":"https:\/\/archive.sana.sy\/tr\/index.php?rest_route=\/wp\/v2\/posts\/7257","targetHints":{"allow":["GET"]}}],"collection":[{"href":"https:\/\/archive.sana.sy\/tr\/index.php?rest_route=\/wp\/v2\/posts"}],"about":[{"href":"https:\/\/archive.sana.sy\/tr\/index.php?rest_route=\/wp\/v2\/types\/post"}],"author":[{"embeddable":true,"href":"https:\/\/archive.sana.sy\/tr\/index.php?rest_route=\/wp\/v2\/users\/1"}],"replies":[{"embeddable":true,"href":"https:\/\/archive.sana.sy\/tr\/index.php?rest_route=%2Fwp%2Fv2%2Fcomments&post=7257"}],"version-history":[{"count":0,"href":"https:\/\/archive.sana.sy\/tr\/index.php?rest_route=\/wp\/v2\/posts\/7257\/revisions"}],"wp:featuredmedia":[{"embeddable":true,"href":"https:\/\/archive.sana.sy\/tr\/index.php?rest_route=\/wp\/v2\/media\/7258"}],"wp:attachment":[{"href":"https:\/\/archive.sana.sy\/tr\/index.php?rest_route=%2Fwp%2Fv2%2Fmedia&parent=7257"}],"wp:term":[{"taxonomy":"category","embeddable":true,"href":"https:\/\/archive.sana.sy\/tr\/index.php?rest_route=%2Fwp%2Fv2%2Fcategories&post=7257"},{"taxonomy":"post_tag","embeddable":true,"href":"https:\/\/archive.sana.sy\/tr\/index.php?rest_route=%2Fwp%2Fv2%2Ftags&post=7257"}],"curies":[{"name":"wp","href":"https:\/\/api.w.org\/{rel}","templated":true}]}}