{"id":72583,"date":"2016-05-11T10:00:22","date_gmt":"2016-05-11T07:00:22","guid":{"rendered":"http:\/\/sana.sy\/tr\/?p=72583"},"modified":"2016-05-11T13:23:36","modified_gmt":"2016-05-11T10:23:36","slug":"barolar-birligi-yillik-kurultayini-duzenliyor","status":"publish","type":"post","link":"https:\/\/archive.sana.sy\/tr\/?p=72583","title":{"rendered":"Barolar Birli\u011fi Y\u0131ll\u0131k Kurultay\u0131n\u0131 d\u00fczenliyor"},"content":{"rendered":"<p>Barolar Birli\u011fi Y\u0131ll\u0131k Kurultay\u0131n\u0131 d\u00fczenliyor<\/p>\n<p>https:\/\/youtu.be\/9Sxg4Goau4A<\/p>\n<p>R.H.<\/p>\n","protected":false},"excerpt":{"rendered":"<p>Barolar Birli\u011fi Y\u0131ll\u0131k Kurultay\u0131n\u0131 d\u00fczenliyor https:\/\/youtu.be\/9Sxg4Goau4A R.H.<\/p>\n","protected":false},"author":1,"featured_media":72586,"comment_status":"closed","ping_status":"closed","sticky":false,"template":"","format":"standard","meta":{"footnotes":""},"categories":[18295],"tags":[21043],"class_list":["post-72583","post","type-post","status-publish","format-standard","has-post-thumbnail","","category-sana-video","tag-barolar-birligi-yillik-kurultayini-duzenliyor"],"_links":{"self":[{"href":"https:\/\/archive.sana.sy\/tr\/index.php?rest_route=\/wp\/v2\/posts\/72583","targetHints":{"allow":["GET"]}}],"collection":[{"href":"https:\/\/archive.sana.sy\/tr\/index.php?rest_route=\/wp\/v2\/posts"}],"about":[{"href":"https:\/\/archive.sana.sy\/tr\/index.php?rest_route=\/wp\/v2\/types\/post"}],"author":[{"embeddable":true,"href":"https:\/\/archive.sana.sy\/tr\/index.php?rest_route=\/wp\/v2\/users\/1"}],"replies":[{"embeddable":true,"href":"https:\/\/archive.sana.sy\/tr\/index.php?rest_route=%2Fwp%2Fv2%2Fcomments&post=72583"}],"version-history":[{"count":0,"href":"https:\/\/archive.sana.sy\/tr\/index.php?rest_route=\/wp\/v2\/posts\/72583\/revisions"}],"wp:featuredmedia":[{"embeddable":true,"href":"https:\/\/archive.sana.sy\/tr\/index.php?rest_route=\/wp\/v2\/media\/72586"}],"wp:attachment":[{"href":"https:\/\/archive.sana.sy\/tr\/index.php?rest_route=%2Fwp%2Fv2%2Fmedia&parent=72583"}],"wp:term":[{"taxonomy":"category","embeddable":true,"href":"https:\/\/archive.sana.sy\/tr\/index.php?rest_route=%2Fwp%2Fv2%2Fcategories&post=72583"},{"taxonomy":"post_tag","embeddable":true,"href":"https:\/\/archive.sana.sy\/tr\/index.php?rest_route=%2Fwp%2Fv2%2Ftags&post=72583"}],"curies":[{"name":"wp","href":"https:\/\/api.w.org\/{rel}","templated":true}]}}