{"id":7260,"date":"2014-08-14T10:53:28","date_gmt":"2014-08-14T07:53:28","guid":{"rendered":"http:\/\/www.sana.sy\/tr\/?p=7260"},"modified":"2014-08-14T14:16:53","modified_gmt":"2014-08-14T11:16:53","slug":"isgalci-israil-ateskesi-ihlal-ederek-gazzeye-bombardimanlar-duzenledi","status":"publish","type":"post","link":"https:\/\/archive.sana.sy\/tr\/?p=7260","title":{"rendered":"\u0130\u015fgalci \u0130srail Ate\u015fkesi \u0130hlal Ederek Gazze\u2019ye Bombard\u0131manlar D\u00fczenledi"},"content":{"rendered":"<p>GAZZE \u2013 Yeni ate\u015fkesin y\u00fcr\u00fcrl\u00fc\u011fe girmesi ard\u0131ndan hemen sonra i\u015fgalci \u0130srail u\u00e7aklar\u0131 ilan edilen ate\u015fkesi ihlal ederek d\u00fcn gece bir dizi d\u00fc\u015fmanc\u0131l sald\u0131r\u0131lar d\u00fczenledi.<\/p>\n<p>AFP Gazze\u2019de g\u00fcvenlik kayna\u011f\u0131ndan naklen, iki bombard\u0131man\u0131n Gazze\u2019nin do\u011fusundaki bo\u015f zirai arazilerini hedef ald\u0131\u011f\u0131n\u0131 di\u011fer iki bombard\u0131man\u0131n Kentin kuzeybat\u0131s\u0131ndaki Sudaniye b\u00f6lgesinde bo\u015f arazileri hedef ald\u0131\u011f\u0131n\u0131 s\u00f6yledi.<\/p>\n<p>Kaynak, i\u015fgalci \u0130srail sava\u015f u\u00e7aklar\u0131n\u0131n Gazze\u2019nin g\u00fcneyindeki Hacar el Dik, el Tuffah Semtindeki Cebel el Reyyis B\u00f6lgesi ve Beyt Lahya\u2019da bo\u015f arazileri hedef ald\u0131\u011f\u0131n\u0131 ifade etti.<\/p>\n<p>Gazze\u2019de bir sa\u011fl\u0131k kayna\u011f\u0131, s\u00f6z konusu i\u015fgalci bombard\u0131manlar\u0131nda can kayb\u0131n\u0131n olmad\u0131\u011f\u0131n\u0131 belirterek Gazze Kesiminde b\u00fct\u00fcn hastanelerin alarm durumunda oldu\u011funu belirtti.<\/p>\n<p>\u0130\u015fgalci \u0130srail\u2019in ge\u00e7e Temmuz ay\u0131nda Gazze Kesimine y\u00f6nelik barbar sald\u0131r\u0131lar\u0131 sonucunda 1950\u2019den fazla Filistinli \u015fehit d\u00fc\u015fm\u00fc\u015f 10 binden fazla ki\u015fide yaralanm\u0131\u015ft\u0131.<\/p>\n","protected":false},"excerpt":{"rendered":"<p>GAZZE \u2013 Yeni ate\u015fkesin y\u00fcr\u00fcrl\u00fc\u011fe girmesi ard\u0131ndan hemen sonra i\u015fgalci \u0130srail u\u00e7aklar\u0131 ilan edilen ate\u015fkesi ihlal ederek d\u00fcn gece bir dizi d\u00fc\u015fmanc\u0131l sald\u0131r\u0131lar d\u00fczenledi. AFP Gazze\u2019de g\u00fcvenlik kayna\u011f\u0131ndan naklen, iki bombard\u0131man\u0131n Gazze\u2019nin do\u011fusundaki bo\u015f zirai arazilerini hedef ald\u0131\u011f\u0131n\u0131 di\u011fer iki bombard\u0131man\u0131n Kentin kuzeybat\u0131s\u0131ndaki Sudaniye b\u00f6lgesinde bo\u015f arazileri hedef ald\u0131\u011f\u0131n\u0131 s\u00f6yledi. Kaynak, i\u015fgalci \u0130srail sava\u015f u\u00e7aklar\u0131n\u0131n &hellip;<\/p>\n","protected":false},"author":1,"featured_media":7261,"comment_status":"closed","ping_status":"closed","sticky":false,"template":"","format":"standard","meta":{"footnotes":""},"categories":[458,459,447],"tags":[1620],"class_list":["post-7260","post","type-post","status-publish","format-standard","has-post-thumbnail","","category-dunya1","category-haberler-arap-uluslararasi-politika","category-politika","tag-isgalci-israil-ateskesi-ihlal-ederek-gazzeye-bombardimanlar-duzenledi"],"_links":{"self":[{"href":"https:\/\/archive.sana.sy\/tr\/index.php?rest_route=\/wp\/v2\/posts\/7260","targetHints":{"allow":["GET"]}}],"collection":[{"href":"https:\/\/archive.sana.sy\/tr\/index.php?rest_route=\/wp\/v2\/posts"}],"about":[{"href":"https:\/\/archive.sana.sy\/tr\/index.php?rest_route=\/wp\/v2\/types\/post"}],"author":[{"embeddable":true,"href":"https:\/\/archive.sana.sy\/tr\/index.php?rest_route=\/wp\/v2\/users\/1"}],"replies":[{"embeddable":true,"href":"https:\/\/archive.sana.sy\/tr\/index.php?rest_route=%2Fwp%2Fv2%2Fcomments&post=7260"}],"version-history":[{"count":0,"href":"https:\/\/archive.sana.sy\/tr\/index.php?rest_route=\/wp\/v2\/posts\/7260\/revisions"}],"wp:featuredmedia":[{"embeddable":true,"href":"https:\/\/archive.sana.sy\/tr\/index.php?rest_route=\/wp\/v2\/media\/7261"}],"wp:attachment":[{"href":"https:\/\/archive.sana.sy\/tr\/index.php?rest_route=%2Fwp%2Fv2%2Fmedia&parent=7260"}],"wp:term":[{"taxonomy":"category","embeddable":true,"href":"https:\/\/archive.sana.sy\/tr\/index.php?rest_route=%2Fwp%2Fv2%2Fcategories&post=7260"},{"taxonomy":"post_tag","embeddable":true,"href":"https:\/\/archive.sana.sy\/tr\/index.php?rest_route=%2Fwp%2Fv2%2Ftags&post=7260"}],"curies":[{"name":"wp","href":"https:\/\/api.w.org\/{rel}","templated":true}]}}