{"id":72615,"date":"2016-05-11T10:47:59","date_gmt":"2016-05-11T07:47:59","guid":{"rendered":"http:\/\/www.sana.sy\/tr\/?p=72615"},"modified":"2016-05-11T14:13:23","modified_gmt":"2016-05-11T11:13:23","slug":"sanaya-konusan-askeri-bir-kaynak-ordu-birliklerimizin-idlib-kirsalinda-kaide-orgutunun-suriye-kolu-nusra-cephesinin-mevki-ve-hareketlenmelerini-hedef-aldiklarini-aktarirken-operasyonlarda-bi","status":"publish","type":"post","link":"https:\/\/archive.sana.sy\/tr\/?p=72615","title":{"rendered":"SANA\u2019ya konu\u015fan askeri bir kaynak ordu birliklerimizin \u0130dlib k\u0131rsal\u0131nda Kaide \u00d6rg\u00fct\u00fcn\u00fcn Suriye kolu Nusra Cephesinin mevki ve hareketlenmelerini hedef ald\u0131klar\u0131n\u0131 aktar\u0131rken, operasyonlarda bir\u00e7ok ter\u00f6ristin ara\u00e7 ve cephaneleriyle etkisizle\u015ftirildiklerini belirtti."},"content":{"rendered":"<p>SANA\u2019ya konu\u015fan askeri bir kaynak ordu birliklerimizin \u0130dlib k\u0131rsal\u0131nda Kaide \u00d6rg\u00fct\u00fcn\u00fcn Suriye kolu Nusra Cephesinin mevki ve hareketlenmelerini hedef ald\u0131klar\u0131n\u0131 aktar\u0131rken, operasyonlarda bir\u00e7ok ter\u00f6ristin ara\u00e7 ve cephaneleriyle etkisizle\u015ftirildiklerini belirtti.<\/p>\n","protected":false},"excerpt":{"rendered":"<p>SANA\u2019ya konu\u015fan askeri bir kaynak ordu birliklerimizin \u0130dlib k\u0131rsal\u0131nda Kaide \u00d6rg\u00fct\u00fcn\u00fcn Suriye kolu Nusra Cephesinin mevki ve hareketlenmelerini hedef ald\u0131klar\u0131n\u0131 aktar\u0131rken, operasyonlarda bir\u00e7ok ter\u00f6ristin ara\u00e7 ve cephaneleriyle etkisizle\u015ftirildiklerini belirtti.<\/p>\n","protected":false},"author":1,"featured_media":0,"comment_status":"closed","ping_status":"closed","sticky":false,"template":"","format":"standard","meta":{"footnotes":""},"categories":[17991],"tags":[],"class_list":["post-72615","post","type-post","status-publish","format-standard","","category-son-dakika"],"_links":{"self":[{"href":"https:\/\/archive.sana.sy\/tr\/index.php?rest_route=\/wp\/v2\/posts\/72615","targetHints":{"allow":["GET"]}}],"collection":[{"href":"https:\/\/archive.sana.sy\/tr\/index.php?rest_route=\/wp\/v2\/posts"}],"about":[{"href":"https:\/\/archive.sana.sy\/tr\/index.php?rest_route=\/wp\/v2\/types\/post"}],"author":[{"embeddable":true,"href":"https:\/\/archive.sana.sy\/tr\/index.php?rest_route=\/wp\/v2\/users\/1"}],"replies":[{"embeddable":true,"href":"https:\/\/archive.sana.sy\/tr\/index.php?rest_route=%2Fwp%2Fv2%2Fcomments&post=72615"}],"version-history":[{"count":0,"href":"https:\/\/archive.sana.sy\/tr\/index.php?rest_route=\/wp\/v2\/posts\/72615\/revisions"}],"wp:attachment":[{"href":"https:\/\/archive.sana.sy\/tr\/index.php?rest_route=%2Fwp%2Fv2%2Fmedia&parent=72615"}],"wp:term":[{"taxonomy":"category","embeddable":true,"href":"https:\/\/archive.sana.sy\/tr\/index.php?rest_route=%2Fwp%2Fv2%2Fcategories&post=72615"},{"taxonomy":"post_tag","embeddable":true,"href":"https:\/\/archive.sana.sy\/tr\/index.php?rest_route=%2Fwp%2Fv2%2Ftags&post=72615"}],"curies":[{"name":"wp","href":"https:\/\/api.w.org\/{rel}","templated":true}]}}