{"id":7263,"date":"2014-08-14T11:03:42","date_gmt":"2014-08-14T08:03:42","guid":{"rendered":"http:\/\/www.sana.sy\/tr\/?p=7263"},"modified":"2014-08-14T11:03:42","modified_gmt":"2014-08-14T08:03:42","slug":"fitnelerin-alt-edilmesinde-din-alimlerinin-rolu-buyuk","status":"publish","type":"post","link":"https:\/\/archive.sana.sy\/tr\/?p=7263","title":{"rendered":"Fitnelerin Alt Edilmesinde Din Alimlerinin Rol\u00fc B\u00fcy\u00fck"},"content":{"rendered":"<p>\u015eAM &#8211; \u0130\u015flemleri Y\u00fcr\u00fctmekle M\u00fckellef Kabinede Vak\u0131flar Bakan\u0131 Abdulsettar el Seyyid, Suriye\u2019de \u015eeriat Enstit\u00fcleri ve Dini Kurumlar\u0131n \u0130slam dinine siyah bir leke vurmak i\u00e7in \u0130slam abas\u0131 giydirilen fitnenin uzakla\u015ft\u0131r\u0131lmas\u0131 ve vatanda\u015flar\u0131n e\u011fitilmesinde \u00f6nemli bir rol oynad\u0131klar\u0131n\u0131 belirtti.<\/p>\n<p><a href=\"http:\/\/www.sana.sy\/tr\/wp-content\/uploads\/2014\/08\/Vak\u0131fkar-Bakan\u0131-2.jpg\"><img loading=\"lazy\" decoding=\"async\" class=\"alignright wp-image-7265 size-medium\" src=\"http:\/\/www.sana.sy\/tr\/wp-content\/uploads\/2014\/08\/Vak\u0131fkar-Bakan\u0131-2-300x185.jpg\" alt=\"Vak\u0131fkar Bakan\u0131 2\" width=\"300\" height=\"185\" srcset=\"https:\/\/archive.sana.sy\/tr\/wp-content\/uploads\/2014\/08\/Vak\u0131fkar-Bakan\u0131-2-300x185.jpg 300w, https:\/\/archive.sana.sy\/tr\/wp-content\/uploads\/2014\/08\/Vak\u0131fkar-Bakan\u0131-2-150x92.jpg 150w, https:\/\/archive.sana.sy\/tr\/wp-content\/uploads\/2014\/08\/Vak\u0131fkar-Bakan\u0131-2.jpg 328w\" sizes=\"auto, (max-width: 300px) 100vw, 300px\" \/><\/a>Bakan Seyyit, \u015eam Y\u00fcksek Enstit\u00fcs\u00fc ve uzman ilmi konseylerinin \u0130slami fetih Enstit\u00fcs\u00fc \u015eubesinin konsey \u00fcyeleriyle bir araya geli\u015finde, \u00f6zellikle Suriye\u2019nin b\u00fct\u00fcn b\u00f6lgede \u015feriat ilimlerinde \u00f6nc\u00fc bir \u00fclke olmas\u0131 itibariyle din \u00f6\u011frencileri ve b\u00fct\u00fcn d\u00fcnyaya h\u00fck\u00fcmlerin \u015ferhi ve \u015feriat \u00f6\u011fretilerinin a\u00e7\u0131klanmas\u0131 i\u00e7in s\u00f6z konusu kurumdaki alim, davet\u00e7i ve profes\u00f6rlere b\u00fcy\u00fck i\u015fler d\u00fc\u015ft\u00fc\u011f\u00fcn\u00fc s\u00f6yledi.<\/p>\n<p>&nbsp;<\/p>\n","protected":false},"excerpt":{"rendered":"<p>\u015eAM &#8211; \u0130\u015flemleri Y\u00fcr\u00fctmekle M\u00fckellef Kabinede Vak\u0131flar Bakan\u0131 Abdulsettar el Seyyid, Suriye\u2019de \u015eeriat Enstit\u00fcleri ve Dini Kurumlar\u0131n \u0130slam dinine siyah bir leke vurmak i\u00e7in \u0130slam abas\u0131 giydirilen fitnenin uzakla\u015ft\u0131r\u0131lmas\u0131 ve vatanda\u015flar\u0131n e\u011fitilmesinde \u00f6nemli bir rol oynad\u0131klar\u0131n\u0131 belirtti. Bakan Seyyit, \u015eam Y\u00fcksek Enstit\u00fcs\u00fc ve uzman ilmi konseylerinin \u0130slami fetih Enstit\u00fcs\u00fc \u015eubesinin konsey \u00fcyeleriyle bir araya geli\u015finde, &hellip;<\/p>\n","protected":false},"author":1,"featured_media":7264,"comment_status":"closed","ping_status":"closed","sticky":false,"template":"","format":"standard","meta":{"footnotes":""},"categories":[479,478],"tags":[1621],"class_list":["post-7263","post","type-post","status-publish","format-standard","has-post-thumbnail","","category-haberler-yerel","category-yerel","tag-fitnelerin-alt-edilmesinde-din-alimlerinin-rolu-buyuk"],"_links":{"self":[{"href":"https:\/\/archive.sana.sy\/tr\/index.php?rest_route=\/wp\/v2\/posts\/7263","targetHints":{"allow":["GET"]}}],"collection":[{"href":"https:\/\/archive.sana.sy\/tr\/index.php?rest_route=\/wp\/v2\/posts"}],"about":[{"href":"https:\/\/archive.sana.sy\/tr\/index.php?rest_route=\/wp\/v2\/types\/post"}],"author":[{"embeddable":true,"href":"https:\/\/archive.sana.sy\/tr\/index.php?rest_route=\/wp\/v2\/users\/1"}],"replies":[{"embeddable":true,"href":"https:\/\/archive.sana.sy\/tr\/index.php?rest_route=%2Fwp%2Fv2%2Fcomments&post=7263"}],"version-history":[{"count":0,"href":"https:\/\/archive.sana.sy\/tr\/index.php?rest_route=\/wp\/v2\/posts\/7263\/revisions"}],"wp:featuredmedia":[{"embeddable":true,"href":"https:\/\/archive.sana.sy\/tr\/index.php?rest_route=\/wp\/v2\/media\/7264"}],"wp:attachment":[{"href":"https:\/\/archive.sana.sy\/tr\/index.php?rest_route=%2Fwp%2Fv2%2Fmedia&parent=7263"}],"wp:term":[{"taxonomy":"category","embeddable":true,"href":"https:\/\/archive.sana.sy\/tr\/index.php?rest_route=%2Fwp%2Fv2%2Fcategories&post=7263"},{"taxonomy":"post_tag","embeddable":true,"href":"https:\/\/archive.sana.sy\/tr\/index.php?rest_route=%2Fwp%2Fv2%2Ftags&post=7263"}],"curies":[{"name":"wp","href":"https:\/\/api.w.org\/{rel}","templated":true}]}}