{"id":72681,"date":"2016-05-12T11:08:04","date_gmt":"2016-05-12T08:08:04","guid":{"rendered":"http:\/\/sana.sy\/tr\/?p=72681"},"modified":"2016-05-13T16:45:11","modified_gmt":"2016-05-13T13:45:11","slug":"agir-yaralanan-rus-asker-vefat-etti","status":"publish","type":"post","link":"https:\/\/archive.sana.sy\/tr\/?p=72681","title":{"rendered":"A\u011f\u0131r Yaralanan Rus Asker Vefat Etti"},"content":{"rendered":"<p>LAZK\u0130YE \u2013 Lazkiye k\u0131rsal\u0131nda Hmeymim Hava \u00dcss\u00fcnde Rus askeri bir yetkili, Suriye genelinde y\u00fcr\u00fct\u00fclen ulusal uzla\u015fma \u00e7abalar\u0131n\u0131 y\u00fcr\u00fcten Rus konvoya e\u015flik etti\u011fi s\u0131rada daha \u00f6nce ter\u00f6ristlerin bir sald\u0131r\u0131s\u0131nda a\u011f\u0131r yaralanan Rus asker Anton Yerigin\u2019in vefat etti\u011fini ilan etti.<\/p>\n<p>Rus kaynak a\u011f\u0131r yaralanan askerin hastanede iki g\u00fcn s\u00fcren yo\u011fun \u00e7abalara ra\u011fmen hayat\u0131n\u0131n kurtar\u0131lamad\u0131\u011f\u0131n\u0131 ifade etti.<\/p>\n<p>R.H.<\/p>\n","protected":false},"excerpt":{"rendered":"<p>LAZK\u0130YE \u2013 Lazkiye k\u0131rsal\u0131nda Hmeymim Hava \u00dcss\u00fcnde Rus askeri bir yetkili, Suriye genelinde y\u00fcr\u00fct\u00fclen ulusal uzla\u015fma \u00e7abalar\u0131n\u0131 y\u00fcr\u00fcten Rus konvoya e\u015flik etti\u011fi s\u0131rada daha \u00f6nce ter\u00f6ristlerin bir sald\u0131r\u0131s\u0131nda a\u011f\u0131r yaralanan Rus asker Anton Yerigin\u2019in vefat etti\u011fini ilan etti. Rus kaynak a\u011f\u0131r yaralanan askerin hastanede iki g\u00fcn s\u00fcren yo\u011fun \u00e7abalara ra\u011fmen hayat\u0131n\u0131n kurtar\u0131lamad\u0131\u011f\u0131n\u0131 ifade etti. R.H.<\/p>\n","protected":false},"author":1,"featured_media":72682,"comment_status":"closed","ping_status":"closed","sticky":false,"template":"","format":"standard","meta":{"footnotes":""},"categories":[575,17988],"tags":[21059],"class_list":["post-72681","post","type-post","status-publish","format-standard","has-post-thumbnail","","category-olaylar-ve-gercekler","category-son-haberler","tag-agir-yaralanan-rus-asker-vefat-etti"],"_links":{"self":[{"href":"https:\/\/archive.sana.sy\/tr\/index.php?rest_route=\/wp\/v2\/posts\/72681","targetHints":{"allow":["GET"]}}],"collection":[{"href":"https:\/\/archive.sana.sy\/tr\/index.php?rest_route=\/wp\/v2\/posts"}],"about":[{"href":"https:\/\/archive.sana.sy\/tr\/index.php?rest_route=\/wp\/v2\/types\/post"}],"author":[{"embeddable":true,"href":"https:\/\/archive.sana.sy\/tr\/index.php?rest_route=\/wp\/v2\/users\/1"}],"replies":[{"embeddable":true,"href":"https:\/\/archive.sana.sy\/tr\/index.php?rest_route=%2Fwp%2Fv2%2Fcomments&post=72681"}],"version-history":[{"count":0,"href":"https:\/\/archive.sana.sy\/tr\/index.php?rest_route=\/wp\/v2\/posts\/72681\/revisions"}],"wp:featuredmedia":[{"embeddable":true,"href":"https:\/\/archive.sana.sy\/tr\/index.php?rest_route=\/wp\/v2\/media\/72682"}],"wp:attachment":[{"href":"https:\/\/archive.sana.sy\/tr\/index.php?rest_route=%2Fwp%2Fv2%2Fmedia&parent=72681"}],"wp:term":[{"taxonomy":"category","embeddable":true,"href":"https:\/\/archive.sana.sy\/tr\/index.php?rest_route=%2Fwp%2Fv2%2Fcategories&post=72681"},{"taxonomy":"post_tag","embeddable":true,"href":"https:\/\/archive.sana.sy\/tr\/index.php?rest_route=%2Fwp%2Fv2%2Ftags&post=72681"}],"curies":[{"name":"wp","href":"https:\/\/api.w.org\/{rel}","templated":true}]}}