{"id":72684,"date":"2016-05-12T12:10:06","date_gmt":"2016-05-12T09:10:06","guid":{"rendered":"http:\/\/sana.sy\/tr\/?p=72684"},"modified":"2016-05-13T16:44:02","modified_gmt":"2016-05-13T13:44:02","slug":"tekfirci-ideolojiyle-mucadele-kimyasal-silah-kullanmakla-mucadele-kadar-onemlidir","status":"publish","type":"post","link":"https:\/\/archive.sana.sy\/tr\/?p=72684","title":{"rendered":"Tekfirci \u0130deolojiyle M\u00fccadele, Kimyasal Silah Kullanmakla M\u00fccadele Kadar \u00d6nemlidir"},"content":{"rendered":"<p>NEW YORK \u2013 Suriye&#8217;nin BM\u2019de Daimi Temsilcisi Be\u015f\u015far el Caferi; BMGK\u2019nin t\u00fcm oturumlar\u0131 ve kararlar\u0131na ra\u011fmen Suriye&#8217;ye ter\u00f6rist g\u00f6ndermekle birlikte bu ter\u00f6ristlere s\u0131n\u0131rs\u0131z deste\u011fi engelleme ya da s\u0131n\u0131rlar\u0131n kontrol edilmesi veya kimi medya ara\u00e7lar\u0131n\u0131n ter\u00f6r ve \u015fiddete provoke etmelerine s\u0131n\u0131r koymada aciz d\u00fc\u015ft\u00fc\u011f\u00fcn\u00fc belirtti.<\/p>\n<p>Caferi BMGK\u2019nin \u2018Ter\u00f6r Eylemleri Nedeniyle Uluslararas\u0131 G\u00fcvenlik ve \u0130stikrar\u0131 Tehdit Eden Tehlikeler ve Ter\u00f6r \u0130deolojisine Kar\u015f\u0131 Koyma&#8230;\u2019 slogan\u0131 alt\u0131nda d\u00fczenledi\u011fi oturumda Suriye&#8217;de be\u015f y\u0131ldan fazla bir s\u00fcredir uluslararas\u0131 kanun, karar ve misaklara suikast d\u00fczenlendi\u011fini, uluslararas\u0131 ili\u015fkiler ve kom\u015fuluk ili\u015fkilerinin ihlal edildi\u011fini belirtti. T\u00fcm bu s\u00fcre i\u00e7inde Suriye&#8217;de devlet, halk, altyap\u0131, ekonomi, hizmet kurumlar\u0131 ve her \u015feyin sabote edilmesi, par\u00e7alan\u0131p yok edilmesi amac\u0131yla her t\u00fcrl\u00fc y\u00f6nteme ba\u015f vuruldu\u011funa dikkat \u00e7eken Caferi; bu ba\u011flamda d\u00fcnyan\u0131n her yerinden kiral\u0131k, tekfirci ve az\u0131l\u0131 ter\u00f6ristlerin toplan\u0131p bunlara kimyasal silah kullan\u0131m\u0131 dahil her t\u00fcrl\u00fc deste\u011fin temin edildi\u011fini vurgulad\u0131. Caferi bununla yetinilmeyip ter\u00f6r sald\u0131r\u0131lar\u0131 ve yol a\u00e7t\u0131\u011f\u0131 sonu\u00e7lardan dolay\u0131 evlerini terk eden Suriyeli m\u00fcltecilerin ac\u0131lar\u0131 ve \u0131st\u0131raplar\u0131yla insanl\u0131k d\u0131\u015f\u0131 bir ticaret yap\u0131ld\u0131\u011f\u0131n\u0131 s\u00f6yledi. D\u0131\u015f taraflar\u0131n bunun da \u00f6tesine gidip Suriye ve halk\u0131na kin ve nefret besleyenlerden s\u00f6zde bir muhalefet yaratt\u0131klar\u0131na dikkat \u00e7eken Caferi; Suriye ve halk\u0131n\u0131n \u00e7\u0131karlar\u0131n\u0131 iddia eden bu taraflar\u0131n ger\u00e7ek y\u00fczlerinin d\u00fcnya kamuoyu \u00f6n\u00fcnde izole edildi\u011fini s\u00f6zlerine ekledi.<\/p>\n<p>Suriye ve halk\u0131na y\u00f6nelik sava\u015fta kullan\u0131lan iddia ve ger\u00e7ekleri \u00e7arp\u0131tma \u00e7abalar\u0131n\u0131n sonu\u00e7lar\u0131n\u0131n Irak, Libya ve daha bir\u00e7ok yerde net bir \u015fekilde g\u00f6r\u00fcld\u00fc\u011f\u00fcne dikkat \u00e7eken Caferi; insani de\u011ferler, ahlak ve kurallardan tamamen uzak bu politikalara son verilmesi gere\u011finin alt\u0131n\u0131 \u00e7izdi.<\/p>\n<p>Caferi M\u0131s\u0131r ve Irak\u2019ta son olarak meydana gelen ter\u00f6r sald\u0131r\u0131lar\u0131n\u0131n, Suriye&#8217;de bulunan ve belli ba\u015fl\u0131 devletler taraf\u0131ndan desteklenen ter\u00f6r\u00fcn ayn\u0131s\u0131 oldu\u011funu ifade etti.<\/p>\n<p>Caferi BMGK\u2019nin Suriye&#8217;de olaylar\u0131n ba\u015flamas\u0131ndan bu yana \u2018Suriye&#8217;deki kriz\u2019 adland\u0131rmas\u0131 alt\u0131nda y\u00fczlerce oturum d\u00fczenledi\u011fine i\u015faret ederken, t\u00fcm bu oturumlar ve ald\u0131\u011f\u0131 kararlara ra\u011fmen Suudi Arabistan ve Katar\u2019\u0131n finans\u0131, \u0130srail ve T\u00fcrkiye\u2019nin de s\u0131n\u0131rs\u0131z destekleri ile d\u00fcnyan\u0131n her yerinden ter\u00f6rist toplay\u0131p Suriye&#8217;ye g\u00f6nderilmelerine s\u0131n\u0131r koymada ba\u015far\u0131s\u0131z d\u00fc\u015ft\u00fc\u011f\u00fcn\u00fc ifade etti. \u0130srail&#8217;in yan\u0131 s\u0131ra Suudi Arabistan, Katar ve T\u00fcrkiye rejimlerinin ter\u00f6re aleni ve gizli desteklerinin g\u00fcn \u0131\u015f\u0131\u011f\u0131 gibi ortada oldu\u011funa vurgu yapan Caferi; bu rejimlere kar\u015f\u0131 \u015fu ana dek hi\u00e7 bir etkin icraat\u0131n al\u0131nmad\u0131\u011f\u0131n\u0131n alt\u0131n\u0131 \u00e7izdi.<\/p>\n<p>Ter\u00f6r ve temel dayana\u011f\u0131 tekfirci ideolojiye kar\u015f\u0131 m\u00fccadelede Suriye&#8217;nin her daim i\u015fbirli\u011fi ve koordinasyon i\u00e7inde olmaya haz\u0131r oldu\u011funu bir\u00e7ok kez ifade etti\u011fine dikkat \u00e7eken Caferi; bu ba\u011flamda ciddi ve d\u00fcr\u00fcst uluslararas\u0131 bir i\u015fbirli\u011fi olmaks\u0131z\u0131n, ya da ter\u00f6r\u00fc destekleyen devletlere kar\u015f\u0131 etkin cayd\u0131r\u0131c\u0131 icraatlar al\u0131nmadan bu tehlikenin \u00f6n\u00fcne ge\u00e7menin m\u00fcmk\u00fcn olmad\u0131\u011f\u0131n\u0131 vurgulad\u0131.<\/p>\n<p>Kimi taraflar\u0131n destekleriyle ter\u00f6re kendi bayra\u011f\u0131 ve medya ara\u00e7lar\u0131 olan bir devlet yaratt\u0131klar\u0131na dikkat \u00e7eken Caferi; bu devletin ba\u015fkentlerini de Suriye\u2019de Rakka ve Irak\u2019ta da Musul\u2019u ba\u015fkentleri yap\u0131p belki de illegal olarak b\u00fcy\u00fckel\u00e7i atad\u0131klar\u0131n\u0131 s\u00f6yledi. Caferi \u2018\u0130slami Hilafet\u2019 ad\u0131 verilen bu devlete kar\u015f\u0131 te\u015fkil edilen s\u00f6zde uluslararas\u0131 koalisyonun ise kaos ve ter\u00f6r\u00fc yayma plan\u0131n\u0131n bir tamam\u0131 oldu\u011funu belirtirken, d\u00fcnyan\u0131n da \u015fimdi bu tiyatro oyununu izlemekte oldu\u011funu s\u00f6zlerine ekledi. Bu koalisyonun I\u015e\u0130D\u2019e kar\u015f\u0131 sava\u015f bahanesi alt\u0131nda Suriye halk\u0131n\u0131n olanaklar\u0131n\u0131, zenginliklerini, hizmet kurumlar\u0131 ve altyap\u0131s\u0131n\u0131 sabote etti\u011fini belirten Caferi; Suriye ve halk\u0131na verdi\u011fi hasar\u0131n b\u00fcy\u00fckl\u00fc\u011f\u00fcne dikkat \u00e7ekti.<\/p>\n<p>Suriye&#8217;nin BM\u2019de Daimi Temsilcisi Caferi Suriye ve halk\u0131n\u0131n \u00e7\u0131karlar\u0131n\u0131 kollad\u0131klar\u0131n\u0131 iddia eden ve insani durumlar gibi de\u011fimler alt\u0131nda timsah g\u00f6zya\u015flar\u0131 d\u00f6ken devletlerin maskeleri d\u00fc\u015ft\u00fc\u011f\u00fcn\u00fc, ter\u00f6re desteklerinin g\u00fcn \u0131\u015f\u0131\u011f\u0131 gibi ortaya \u00e7\u0131kt\u0131\u011f\u0131n\u0131 belirtti.<\/p>\n<p>Ter\u00f6r \u00f6rg\u00fctlerinin propagandas\u0131n\u0131 yapt\u0131\u011f\u0131 tekfirci ideolojiye kar\u015f\u0131 koyman\u0131n \u00f6nem ve gere\u011fine vurgu yapan Caferi; bu tehlikeye kar\u015f\u0131 koyma \u00f6neminin, kimyasal silah kullan\u0131m\u0131na kar\u015f\u0131 koyma \u00e7abalar\u0131 \u00f6neminden daha az olmad\u0131\u011f\u0131n\u0131n alt\u0131n\u0131 \u00e7izdi. Caferi dolay\u0131s\u0131yla Suudi Arabistan, Katar ve daha ba\u015fka rejimlerin tekfirci ideolojiyi yayma y\u00f6n\u00fcnde bulunduklar\u0131 yo\u011fun \u00e7abalar\u0131n da g\u00f6z ard\u0131 edilmesinin m\u00fcmk\u00fcn olmad\u0131\u011f\u0131n\u0131 belirtti.<\/p>\n<p>Ter\u00f6r \u00f6rg\u00fctleri ve destek\u00e7ilerinin cezaland\u0131r\u0131lmalar\u0131 yerine \u00f6d\u00fcllendirilmelerinin mant\u0131ks\u0131z oldu\u011funu ifade eden Caferi; AB\u2019nin ter\u00f6re her t\u00fcrl\u00fc deste\u011fi temin eden Erdo\u011fan ve rejimi ile bulundu\u011fu anla\u015fman\u0131n esef verici oldu\u011funu s\u00f6yledi. Caferi Erdo\u011fan ve rejiminin ter\u00f6re deste\u011fi ile temel nedenini olu\u015fturdu\u011fu m\u00fclteciler ile ticaret yapmas\u0131, durumlar\u0131n\u0131 f\u0131rsat kullanmas\u0131 ve provokasyon edat\u0131 olarak kullanmas\u0131n\u0131n esef verici bir durum oldu\u011funu s\u00f6zlerine ekledi.<\/p>\n<p>R.H.<\/p>\n","protected":false},"excerpt":{"rendered":"<p>NEW YORK \u2013 Suriye&#8217;nin BM\u2019de Daimi Temsilcisi Be\u015f\u015far el Caferi; BMGK\u2019nin t\u00fcm oturumlar\u0131 ve kararlar\u0131na ra\u011fmen Suriye&#8217;ye ter\u00f6rist g\u00f6ndermekle birlikte bu ter\u00f6ristlere s\u0131n\u0131rs\u0131z deste\u011fi engelleme ya da s\u0131n\u0131rlar\u0131n kontrol edilmesi veya kimi medya ara\u00e7lar\u0131n\u0131n ter\u00f6r ve \u015fiddete provoke etmelerine s\u0131n\u0131r koymada aciz d\u00fc\u015ft\u00fc\u011f\u00fcn\u00fc belirtti. Caferi BMGK\u2019nin \u2018Ter\u00f6r Eylemleri Nedeniyle Uluslararas\u0131 G\u00fcvenlik ve \u0130stikrar\u0131 Tehdit Eden &hellip;<\/p>\n","protected":false},"author":1,"featured_media":72685,"comment_status":"closed","ping_status":"closed","sticky":false,"template":"","format":"standard","meta":{"footnotes":""},"categories":[458,459,17988],"tags":[21061,21060],"class_list":["post-72684","post","type-post","status-publish","format-standard","has-post-thumbnail","","category-dunya1","category-haberler-arap-uluslararasi-politika","category-son-haberler","tag-kimyasal-silah-kullanmakla-mucadele-kadar-onemlidir","tag-tekfirci-ideolojiyle-mucadele"],"_links":{"self":[{"href":"https:\/\/archive.sana.sy\/tr\/index.php?rest_route=\/wp\/v2\/posts\/72684","targetHints":{"allow":["GET"]}}],"collection":[{"href":"https:\/\/archive.sana.sy\/tr\/index.php?rest_route=\/wp\/v2\/posts"}],"about":[{"href":"https:\/\/archive.sana.sy\/tr\/index.php?rest_route=\/wp\/v2\/types\/post"}],"author":[{"embeddable":true,"href":"https:\/\/archive.sana.sy\/tr\/index.php?rest_route=\/wp\/v2\/users\/1"}],"replies":[{"embeddable":true,"href":"https:\/\/archive.sana.sy\/tr\/index.php?rest_route=%2Fwp%2Fv2%2Fcomments&post=72684"}],"version-history":[{"count":0,"href":"https:\/\/archive.sana.sy\/tr\/index.php?rest_route=\/wp\/v2\/posts\/72684\/revisions"}],"wp:featuredmedia":[{"embeddable":true,"href":"https:\/\/archive.sana.sy\/tr\/index.php?rest_route=\/wp\/v2\/media\/72685"}],"wp:attachment":[{"href":"https:\/\/archive.sana.sy\/tr\/index.php?rest_route=%2Fwp%2Fv2%2Fmedia&parent=72684"}],"wp:term":[{"taxonomy":"category","embeddable":true,"href":"https:\/\/archive.sana.sy\/tr\/index.php?rest_route=%2Fwp%2Fv2%2Fcategories&post=72684"},{"taxonomy":"post_tag","embeddable":true,"href":"https:\/\/archive.sana.sy\/tr\/index.php?rest_route=%2Fwp%2Fv2%2Ftags&post=72684"}],"curies":[{"name":"wp","href":"https:\/\/api.w.org\/{rel}","templated":true}]}}