{"id":7269,"date":"2014-08-14T12:44:55","date_gmt":"2014-08-14T09:44:55","guid":{"rendered":"http:\/\/www.sana.sy\/tr\/?p=7269"},"modified":"2014-08-14T14:15:48","modified_gmt":"2014-08-14T11:15:48","slug":"ateskes-suresi-5-gundur","status":"publish","type":"post","link":"https:\/\/archive.sana.sy\/tr\/?p=7269","title":{"rendered":"Ate\u015fkes S\u00fcresi 5 G\u00fcnd\u00fcr"},"content":{"rendered":"<p>KAH\u0130RE \u2013 Kahire m\u00fczakerelerinde Filistin heyeti ba\u015fkan\u0131 Azzam el Ahmet; Kahire&#8217;de Filistinliler ile \u0130srailliler aras\u0131nda \u00fcst\u00fcne anla\u015f\u0131lan ate\u015fkes s\u00fcresinin 5 g\u00fcn oldu\u011funu a\u00e7\u0131klad\u0131.<\/p>\n<p>Ahmet d\u00fcn Kahire&#8217;de bas\u0131na yapt\u0131\u011f\u0131 a\u00e7\u0131klamada; iki taraf aras\u0131nda anla\u015f\u0131lan ate\u015fkesin gece yar\u0131s\u0131 ba\u015flad\u0131\u011f\u0131n\u0131, \u00f6n\u00fcm\u00fczdeki pazartesi g\u00fcn\u00fc gece yar\u0131s\u0131nda sona erece\u011fini s\u00f6yledi.<\/p>\n<p>Filistinli heyetin m\u00fc\u015faverelerde bulunma amac\u0131yla bug\u00fcn sabah saatlerinde Ramallah\u2019a d\u00f6nd\u00fc\u011f\u00fcn\u00fc s\u00f6yleyen Ahmet; \u0130srail ile bir dizi anla\u015fmazl\u0131\u011f\u0131n mevcut oldu\u011funu ve bu konular\u0131n tart\u0131\u015fma ve zamana ihtiyac\u0131 oldu\u011funu ifade etti.<\/p>\n","protected":false},"excerpt":{"rendered":"<p>KAH\u0130RE \u2013 Kahire m\u00fczakerelerinde Filistin heyeti ba\u015fkan\u0131 Azzam el Ahmet; Kahire&#8217;de Filistinliler ile \u0130srailliler aras\u0131nda \u00fcst\u00fcne anla\u015f\u0131lan ate\u015fkes s\u00fcresinin 5 g\u00fcn oldu\u011funu a\u00e7\u0131klad\u0131. Ahmet d\u00fcn Kahire&#8217;de bas\u0131na yapt\u0131\u011f\u0131 a\u00e7\u0131klamada; iki taraf aras\u0131nda anla\u015f\u0131lan ate\u015fkesin gece yar\u0131s\u0131 ba\u015flad\u0131\u011f\u0131n\u0131, \u00f6n\u00fcm\u00fczdeki pazartesi g\u00fcn\u00fc gece yar\u0131s\u0131nda sona erece\u011fini s\u00f6yledi. Filistinli heyetin m\u00fc\u015faverelerde bulunma amac\u0131yla bug\u00fcn sabah saatlerinde Ramallah\u2019a d\u00f6nd\u00fc\u011f\u00fcn\u00fc &hellip;<\/p>\n","protected":false},"author":1,"featured_media":7270,"comment_status":"closed","ping_status":"closed","sticky":false,"template":"","format":"standard","meta":{"footnotes":""},"categories":[458,459,447],"tags":[1622],"class_list":["post-7269","post","type-post","status-publish","format-standard","has-post-thumbnail","","category-dunya1","category-haberler-arap-uluslararasi-politika","category-politika","tag-ateskes-suresi-5-gundur"],"_links":{"self":[{"href":"https:\/\/archive.sana.sy\/tr\/index.php?rest_route=\/wp\/v2\/posts\/7269","targetHints":{"allow":["GET"]}}],"collection":[{"href":"https:\/\/archive.sana.sy\/tr\/index.php?rest_route=\/wp\/v2\/posts"}],"about":[{"href":"https:\/\/archive.sana.sy\/tr\/index.php?rest_route=\/wp\/v2\/types\/post"}],"author":[{"embeddable":true,"href":"https:\/\/archive.sana.sy\/tr\/index.php?rest_route=\/wp\/v2\/users\/1"}],"replies":[{"embeddable":true,"href":"https:\/\/archive.sana.sy\/tr\/index.php?rest_route=%2Fwp%2Fv2%2Fcomments&post=7269"}],"version-history":[{"count":0,"href":"https:\/\/archive.sana.sy\/tr\/index.php?rest_route=\/wp\/v2\/posts\/7269\/revisions"}],"wp:featuredmedia":[{"embeddable":true,"href":"https:\/\/archive.sana.sy\/tr\/index.php?rest_route=\/wp\/v2\/media\/7270"}],"wp:attachment":[{"href":"https:\/\/archive.sana.sy\/tr\/index.php?rest_route=%2Fwp%2Fv2%2Fmedia&parent=7269"}],"wp:term":[{"taxonomy":"category","embeddable":true,"href":"https:\/\/archive.sana.sy\/tr\/index.php?rest_route=%2Fwp%2Fv2%2Fcategories&post=7269"},{"taxonomy":"post_tag","embeddable":true,"href":"https:\/\/archive.sana.sy\/tr\/index.php?rest_route=%2Fwp%2Fv2%2Ftags&post=7269"}],"curies":[{"name":"wp","href":"https:\/\/api.w.org\/{rel}","templated":true}]}}