{"id":72691,"date":"2016-05-12T12:20:21","date_gmt":"2016-05-12T09:20:21","guid":{"rendered":"http:\/\/sana.sy\/tr\/?p=72691"},"modified":"2016-05-13T16:44:00","modified_gmt":"2016-05-13T13:44:00","slug":"yerlesim-alanlarina-fuze-saldirilari-suruyor","status":"publish","type":"post","link":"https:\/\/archive.sana.sy\/tr\/?p=72691","title":{"rendered":"Yerle\u015fim Alanlar\u0131na F\u00fcze Sald\u0131r\u0131lar\u0131 S\u00fcr\u00fcyor"},"content":{"rendered":"<p>HALEP \u2013 Belli ba\u015fl\u0131 devletlerin destekledikleri ter\u00f6r \u00f6rg\u00fctleri ter\u00f6r ve \u015fiddete son verip siyasi \u00e7\u00f6z\u00fcm sa\u011flama \u00e7abalar\u0131 kapsam\u0131nda sivil yerle\u015fim alanlar\u0131na geli\u015fig\u00fczel f\u00fcze sald\u0131r\u0131lar\u0131n\u0131 s\u00fcrd\u00fcr\u00fcyor.<\/p>\n<p>Halep k\u0131rsal\u0131n\u0131n kuzeybat\u0131s\u0131nda yerel kaynaklar ter\u00f6ristlerin bug\u00fcn sabah saatlerinde Afrin B\u00f6lgesine d\u00fc\u015fen Celma K\u00f6y\u00fcnde vatanda\u015flar\u0131n evlerini geli\u015fig\u00fczel f\u00fcze sald\u0131r\u0131rlar\u0131yla hedef ald\u0131klar\u0131n\u0131 s\u00f6yledi. Kaynaklar sald\u0131r\u0131larda be\u015feri isabetlerin olmad\u0131\u011f\u0131n\u0131, fakat vatanda\u015flar\u0131n m\u00fclklerinde maddi hasar\u0131n olu\u015ftu\u011funu aktard\u0131.<\/p>\n<p>Halep ve k\u0131rsal\u0131nda Erdo\u011fan ve Al Suud rejimlerinden s\u0131n\u0131rs\u0131z destek ve talimat alan muhtelif isimler alt\u0131nda ter\u00f6r \u00f6rg\u00fctleri bulunuyor.<\/p>\n<p>R.H.<\/p>\n","protected":false},"excerpt":{"rendered":"<p>HALEP \u2013 Belli ba\u015fl\u0131 devletlerin destekledikleri ter\u00f6r \u00f6rg\u00fctleri ter\u00f6r ve \u015fiddete son verip siyasi \u00e7\u00f6z\u00fcm sa\u011flama \u00e7abalar\u0131 kapsam\u0131nda sivil yerle\u015fim alanlar\u0131na geli\u015fig\u00fczel f\u00fcze sald\u0131r\u0131lar\u0131n\u0131 s\u00fcrd\u00fcr\u00fcyor. Halep k\u0131rsal\u0131n\u0131n kuzeybat\u0131s\u0131nda yerel kaynaklar ter\u00f6ristlerin bug\u00fcn sabah saatlerinde Afrin B\u00f6lgesine d\u00fc\u015fen Celma K\u00f6y\u00fcnde vatanda\u015flar\u0131n evlerini geli\u015fig\u00fczel f\u00fcze sald\u0131r\u0131rlar\u0131yla hedef ald\u0131klar\u0131n\u0131 s\u00f6yledi. Kaynaklar sald\u0131r\u0131larda be\u015feri isabetlerin olmad\u0131\u011f\u0131n\u0131, fakat vatanda\u015flar\u0131n m\u00fclklerinde &hellip;<\/p>\n","protected":false},"author":1,"featured_media":72692,"comment_status":"closed","ping_status":"closed","sticky":false,"template":"","format":"standard","meta":{"footnotes":""},"categories":[575,17988],"tags":[21063],"class_list":["post-72691","post","type-post","status-publish","format-standard","has-post-thumbnail","","category-olaylar-ve-gercekler","category-son-haberler","tag-yerlesim-alanlarina-fuze-saldirilari-suruyor"],"_links":{"self":[{"href":"https:\/\/archive.sana.sy\/tr\/index.php?rest_route=\/wp\/v2\/posts\/72691","targetHints":{"allow":["GET"]}}],"collection":[{"href":"https:\/\/archive.sana.sy\/tr\/index.php?rest_route=\/wp\/v2\/posts"}],"about":[{"href":"https:\/\/archive.sana.sy\/tr\/index.php?rest_route=\/wp\/v2\/types\/post"}],"author":[{"embeddable":true,"href":"https:\/\/archive.sana.sy\/tr\/index.php?rest_route=\/wp\/v2\/users\/1"}],"replies":[{"embeddable":true,"href":"https:\/\/archive.sana.sy\/tr\/index.php?rest_route=%2Fwp%2Fv2%2Fcomments&post=72691"}],"version-history":[{"count":0,"href":"https:\/\/archive.sana.sy\/tr\/index.php?rest_route=\/wp\/v2\/posts\/72691\/revisions"}],"wp:featuredmedia":[{"embeddable":true,"href":"https:\/\/archive.sana.sy\/tr\/index.php?rest_route=\/wp\/v2\/media\/72692"}],"wp:attachment":[{"href":"https:\/\/archive.sana.sy\/tr\/index.php?rest_route=%2Fwp%2Fv2%2Fmedia&parent=72691"}],"wp:term":[{"taxonomy":"category","embeddable":true,"href":"https:\/\/archive.sana.sy\/tr\/index.php?rest_route=%2Fwp%2Fv2%2Fcategories&post=72691"},{"taxonomy":"post_tag","embeddable":true,"href":"https:\/\/archive.sana.sy\/tr\/index.php?rest_route=%2Fwp%2Fv2%2Ftags&post=72691"}],"curies":[{"name":"wp","href":"https:\/\/api.w.org\/{rel}","templated":true}]}}