{"id":72694,"date":"2016-05-12T12:33:23","date_gmt":"2016-05-12T09:33:23","guid":{"rendered":"http:\/\/sana.sy\/tr\/?p=72694"},"modified":"2016-05-13T19:13:30","modified_gmt":"2016-05-13T16:13:30","slug":"koye-saldirip-katliamda-bulundular","status":"publish","type":"post","link":"https:\/\/archive.sana.sy\/tr\/?p=72694","title":{"rendered":"Katliamlar\u0131 Ard\u0131ndan Bir K\u0131s\u0131m Vatanda\u015flar\u0131 Ka\u00e7\u0131rd\u0131"},"content":{"rendered":"<p>HAMA \u2013 Erdo\u011fan ve Al Suud rejimlerinin y\u00f6nlendirip destekledikleri ter\u00f6r \u00f6rg\u00fctleri Hama k\u0131rsal\u0131n\u0131n g\u00fcneyi Zara K\u00f6y\u00fcne sald\u0131rarak \u00e7ocuk, kad\u0131n ya\u015fl\u0131 demeden insanl\u0131k d\u0131\u015f\u0131 bir katliamda bulundular.<\/p>\n<p>Hama Emniyet M\u00fcd\u00fcrl\u00fc\u011f\u00fcnde yetkili bir kaynak SANA\u2019ya a\u00e7\u0131klamas\u0131nda; ter\u00f6ristlerin k\u00f6ye sald\u0131r\u0131p vah\u015fi katliamda bulunmalar\u0131 ard\u0131ndan k\u00f6y ahalisinden bir\u00e7ok kad\u0131n ve \u00e7ocu\u011fu me\u00e7hul bir yere ka\u00e7\u0131rd\u0131klar\u0131n\u0131 belirtti. Kaynak vah\u015fi eylemleri ard\u0131ndan ter\u00f6ristlerin vatanda\u015flar\u0131n evlerini ve m\u00fclklerini ya\u011fmalay\u0131p \u00e7almalar\u0131 ard\u0131ndan yak\u0131p y\u0131kt\u0131klar\u0131n\u0131 da s\u00f6zlerine ekledi.<\/p>\n<p>Ter\u00f6r \u00e7eteleri medya ara\u00e7lar\u0131nda Homs il idari s\u0131n\u0131rlar\u0131na yak\u0131n d\u00fc\u015fen k\u00f6ye sald\u0131ran tekfirci ter\u00f6ristlerin Kaide \u00d6rg\u00fct\u00fcn\u00fcn Suriye kolu Nusra Cephesi, Ahrar el \u015eam \u0130slami Hareketi, Homs Kolordusu, Ehl el S\u00fcnne Taburlar\u0131 ve Ecnad Homs adlar\u0131yla bilinen tekfirci ter\u00f6r \u00f6rg\u00fctlere tabi ter\u00f6ristler olduklar\u0131n\u0131 belirtti. Tekfirciler ve yanda\u015f medyalar\u0131 ayr\u0131ca olaya ili\u015fkin haberlerinde insanl\u0131\u011f\u0131n y\u00fczkaras\u0131 bu vah\u015fetlerini \u00f6v\u00fcnerek aktard\u0131.<\/p>\n","protected":false},"excerpt":{"rendered":"<p>HAMA \u2013 Erdo\u011fan ve Al Suud rejimlerinin y\u00f6nlendirip destekledikleri ter\u00f6r \u00f6rg\u00fctleri Hama k\u0131rsal\u0131n\u0131n g\u00fcneyi Zara K\u00f6y\u00fcne sald\u0131rarak \u00e7ocuk, kad\u0131n ya\u015fl\u0131 demeden insanl\u0131k d\u0131\u015f\u0131 bir katliamda bulundular. Hama Emniyet M\u00fcd\u00fcrl\u00fc\u011f\u00fcnde yetkili bir kaynak SANA\u2019ya a\u00e7\u0131klamas\u0131nda; ter\u00f6ristlerin k\u00f6ye sald\u0131r\u0131p vah\u015fi katliamda bulunmalar\u0131 ard\u0131ndan k\u00f6y ahalisinden bir\u00e7ok kad\u0131n ve \u00e7ocu\u011fu me\u00e7hul bir yere ka\u00e7\u0131rd\u0131klar\u0131n\u0131 belirtti. Kaynak vah\u015fi eylemleri &hellip;<\/p>\n","protected":false},"author":1,"featured_media":72695,"comment_status":"closed","ping_status":"closed","sticky":false,"template":"","format":"standard","meta":{"footnotes":""},"categories":[479,575,17988,478],"tags":[21068,21066,21067,21064,21065],"class_list":["post-72694","post","type-post","status-publish","format-standard","has-post-thumbnail","","category-haberler-yerel","category-olaylar-ve-gercekler","category-son-haberler","category-yerel","tag-ahaliye-saldiri","tag-kaliam-islediler","tag-koye-saldirdilar","tag-koye-saldirip-katliamda-bulundular","tag-zara-koyu"],"_links":{"self":[{"href":"https:\/\/archive.sana.sy\/tr\/index.php?rest_route=\/wp\/v2\/posts\/72694","targetHints":{"allow":["GET"]}}],"collection":[{"href":"https:\/\/archive.sana.sy\/tr\/index.php?rest_route=\/wp\/v2\/posts"}],"about":[{"href":"https:\/\/archive.sana.sy\/tr\/index.php?rest_route=\/wp\/v2\/types\/post"}],"author":[{"embeddable":true,"href":"https:\/\/archive.sana.sy\/tr\/index.php?rest_route=\/wp\/v2\/users\/1"}],"replies":[{"embeddable":true,"href":"https:\/\/archive.sana.sy\/tr\/index.php?rest_route=%2Fwp%2Fv2%2Fcomments&post=72694"}],"version-history":[{"count":0,"href":"https:\/\/archive.sana.sy\/tr\/index.php?rest_route=\/wp\/v2\/posts\/72694\/revisions"}],"wp:featuredmedia":[{"embeddable":true,"href":"https:\/\/archive.sana.sy\/tr\/index.php?rest_route=\/wp\/v2\/media\/72695"}],"wp:attachment":[{"href":"https:\/\/archive.sana.sy\/tr\/index.php?rest_route=%2Fwp%2Fv2%2Fmedia&parent=72694"}],"wp:term":[{"taxonomy":"category","embeddable":true,"href":"https:\/\/archive.sana.sy\/tr\/index.php?rest_route=%2Fwp%2Fv2%2Fcategories&post=72694"},{"taxonomy":"post_tag","embeddable":true,"href":"https:\/\/archive.sana.sy\/tr\/index.php?rest_route=%2Fwp%2Fv2%2Ftags&post=72694"}],"curies":[{"name":"wp","href":"https:\/\/api.w.org\/{rel}","templated":true}]}}