{"id":72698,"date":"2016-05-12T08:33:09","date_gmt":"2016-05-12T05:33:09","guid":{"rendered":"http:\/\/www.sana.sy\/tr\/?p=72698"},"modified":"2016-05-12T13:49:50","modified_gmt":"2016-05-12T10:49:50","slug":"halep-kirsalinin-kuzeybatisinda-yerel-kaynaklar-teroristlerin-bugun-sabah-saatlerinde-afrin-bolgesine-dusen-celma-koyunde-vatandaslarin-evlerini-gelisiguzel-fuze-saldirirlariyla-hedef-aldiklarini-soyl","status":"publish","type":"post","link":"https:\/\/archive.sana.sy\/tr\/?p=72698","title":{"rendered":"Halep k\u0131rsal\u0131n\u0131n kuzeybat\u0131s\u0131nda yerel kaynaklar ter\u00f6ristlerin bug\u00fcn sabah saatlerinde Afrin B\u00f6lgesine d\u00fc\u015fen Celma K\u00f6y\u00fcnde vatanda\u015flar\u0131n evlerini geli\u015fig\u00fczel f\u00fcze sald\u0131r\u0131rlar\u0131yla hedef ald\u0131klar\u0131n\u0131 s\u00f6yledi"},"content":{"rendered":"<p>Halep k\u0131rsal\u0131n\u0131n kuzeybat\u0131s\u0131nda yerel kaynaklar ter\u00f6ristlerin bug\u00fcn sabah saatlerinde Afrin B\u00f6lgesine d\u00fc\u015fen Celma K\u00f6y\u00fcnde vatanda\u015flar\u0131n evlerini geli\u015fig\u00fczel f\u00fcze sald\u0131r\u0131rlar\u0131yla hedef ald\u0131klar\u0131n\u0131 s\u00f6yledi<\/p>\n","protected":false},"excerpt":{"rendered":"<p>Halep k\u0131rsal\u0131n\u0131n kuzeybat\u0131s\u0131nda yerel kaynaklar ter\u00f6ristlerin bug\u00fcn sabah saatlerinde Afrin B\u00f6lgesine d\u00fc\u015fen Celma K\u00f6y\u00fcnde vatanda\u015flar\u0131n evlerini geli\u015fig\u00fczel f\u00fcze sald\u0131r\u0131rlar\u0131yla hedef ald\u0131klar\u0131n\u0131 s\u00f6yledi<\/p>\n","protected":false},"author":1,"featured_media":0,"comment_status":"closed","ping_status":"closed","sticky":false,"template":"","format":"standard","meta":{"footnotes":""},"categories":[17991],"tags":[],"class_list":["post-72698","post","type-post","status-publish","format-standard","","category-son-dakika"],"_links":{"self":[{"href":"https:\/\/archive.sana.sy\/tr\/index.php?rest_route=\/wp\/v2\/posts\/72698","targetHints":{"allow":["GET"]}}],"collection":[{"href":"https:\/\/archive.sana.sy\/tr\/index.php?rest_route=\/wp\/v2\/posts"}],"about":[{"href":"https:\/\/archive.sana.sy\/tr\/index.php?rest_route=\/wp\/v2\/types\/post"}],"author":[{"embeddable":true,"href":"https:\/\/archive.sana.sy\/tr\/index.php?rest_route=\/wp\/v2\/users\/1"}],"replies":[{"embeddable":true,"href":"https:\/\/archive.sana.sy\/tr\/index.php?rest_route=%2Fwp%2Fv2%2Fcomments&post=72698"}],"version-history":[{"count":0,"href":"https:\/\/archive.sana.sy\/tr\/index.php?rest_route=\/wp\/v2\/posts\/72698\/revisions"}],"wp:attachment":[{"href":"https:\/\/archive.sana.sy\/tr\/index.php?rest_route=%2Fwp%2Fv2%2Fmedia&parent=72698"}],"wp:term":[{"taxonomy":"category","embeddable":true,"href":"https:\/\/archive.sana.sy\/tr\/index.php?rest_route=%2Fwp%2Fv2%2Fcategories&post=72698"},{"taxonomy":"post_tag","embeddable":true,"href":"https:\/\/archive.sana.sy\/tr\/index.php?rest_route=%2Fwp%2Fv2%2Ftags&post=72698"}],"curies":[{"name":"wp","href":"https:\/\/api.w.org\/{rel}","templated":true}]}}