{"id":72704,"date":"2016-05-12T09:15:12","date_gmt":"2016-05-12T06:15:12","guid":{"rendered":"http:\/\/www.sana.sy\/tr\/?p=72704"},"modified":"2016-05-12T13:52:17","modified_gmt":"2016-05-12T10:52:17","slug":"erdogan-ve-al-suud-rejimlerinin-yonlendirip-destekledikleri-teror-orgutleri-hama-kirsalinin-guneyi-zara-koyune-saldirarak-cocuk-kadin-yasli-demeden-insanlik-disi-bir-katliamda-bulundular","status":"publish","type":"post","link":"https:\/\/archive.sana.sy\/tr\/?p=72704","title":{"rendered":"Erdo\u011fan ve Al Suud rejimlerinin y\u00f6nlendirip destekledikleri ter\u00f6r \u00f6rg\u00fctleri Hama k\u0131rsal\u0131n\u0131n g\u00fcneyi Zara K\u00f6y\u00fcne sald\u0131rarak \u00e7ocuk, kad\u0131n ya\u015fl\u0131 demeden insanl\u0131k d\u0131\u015f\u0131 bir katliamda bulundular"},"content":{"rendered":"<p>Erdo\u011fan ve Al Suud rejimlerinin y\u00f6nlendirip destekledikleri ter\u00f6r \u00f6rg\u00fctleri Hama k\u0131rsal\u0131n\u0131n g\u00fcneyi Zara K\u00f6y\u00fcne sald\u0131rarak \u00e7ocuk, kad\u0131n ya\u015fl\u0131 demeden insanl\u0131k d\u0131\u015f\u0131 bir katliamda bulundular<\/p>\n","protected":false},"excerpt":{"rendered":"<p>Erdo\u011fan ve Al Suud rejimlerinin y\u00f6nlendirip destekledikleri ter\u00f6r \u00f6rg\u00fctleri Hama k\u0131rsal\u0131n\u0131n g\u00fcneyi Zara K\u00f6y\u00fcne sald\u0131rarak \u00e7ocuk, kad\u0131n ya\u015fl\u0131 demeden insanl\u0131k d\u0131\u015f\u0131 bir katliamda bulundular<\/p>\n","protected":false},"author":1,"featured_media":0,"comment_status":"closed","ping_status":"closed","sticky":false,"template":"","format":"standard","meta":{"footnotes":""},"categories":[17991],"tags":[],"class_list":["post-72704","post","type-post","status-publish","format-standard","","category-son-dakika"],"_links":{"self":[{"href":"https:\/\/archive.sana.sy\/tr\/index.php?rest_route=\/wp\/v2\/posts\/72704","targetHints":{"allow":["GET"]}}],"collection":[{"href":"https:\/\/archive.sana.sy\/tr\/index.php?rest_route=\/wp\/v2\/posts"}],"about":[{"href":"https:\/\/archive.sana.sy\/tr\/index.php?rest_route=\/wp\/v2\/types\/post"}],"author":[{"embeddable":true,"href":"https:\/\/archive.sana.sy\/tr\/index.php?rest_route=\/wp\/v2\/users\/1"}],"replies":[{"embeddable":true,"href":"https:\/\/archive.sana.sy\/tr\/index.php?rest_route=%2Fwp%2Fv2%2Fcomments&post=72704"}],"version-history":[{"count":0,"href":"https:\/\/archive.sana.sy\/tr\/index.php?rest_route=\/wp\/v2\/posts\/72704\/revisions"}],"wp:attachment":[{"href":"https:\/\/archive.sana.sy\/tr\/index.php?rest_route=%2Fwp%2Fv2%2Fmedia&parent=72704"}],"wp:term":[{"taxonomy":"category","embeddable":true,"href":"https:\/\/archive.sana.sy\/tr\/index.php?rest_route=%2Fwp%2Fv2%2Fcategories&post=72704"},{"taxonomy":"post_tag","embeddable":true,"href":"https:\/\/archive.sana.sy\/tr\/index.php?rest_route=%2Fwp%2Fv2%2Ftags&post=72704"}],"curies":[{"name":"wp","href":"https:\/\/api.w.org\/{rel}","templated":true}]}}